{"id":189508,"date":"2025-12-05T08:51:08","date_gmt":"2025-12-05T11:51:08","guid":{"rendered":"https:\/\/cdnoticias.com\/?p=189508"},"modified":"2025-12-05T08:51:10","modified_gmt":"2025-12-05T11:51:10","slug":"bomberos-de-olavarria-estuvo-en-la-ultima-reunion-del-ano-para-la-region-centro-centro","status":"publish","type":"post","link":"https:\/\/cdnoticias.com\/index.php\/2025\/12\/05\/bomberos-de-olavarria-estuvo-en-la-ultima-reunion-del-ano-para-la-region-centro-centro\/","title":{"rendered":"Bomberos de Olavarr\u00eda estuvo en la \u00faltima reuni\u00f3n del a\u00f1o para la Regi\u00f3n Centro Centro"},"content":{"rendered":"<p>Tuvo lugar en Saladillo. Se repasaron las actividades recientes, los proyectos en marcha y la agenda de cierre 2025.<!--more--><\/p>\n<hr \/>\n<p>La <strong>Regi\u00f3n Centro Centro de Bomberos Voluntarios<\/strong> -compuesta por General Alvear, Tapalqu\u00e9, Cachar\u00ed, Del Carril, Saladillo y Olavarr\u00eda- llev\u00f3 adelante su <strong>\u00faltima reuni\u00f3n anual el mi\u00e9rcoles<\/strong> por la tarde en el Cuartel Central de<strong> Saladillo<\/strong>. El encuentro permiti\u00f3 realizar <strong>un balance de las actividades desarrolladas durante el a\u00f1o<\/strong> y avanzar en los proyectos que ya est\u00e1n en ejecuci\u00f3n.<\/p>\n<p>Durante la jornada se abordaron distintos <strong>temas de inter\u00e9s regional e institucional<\/strong> y all\u00ed estuvo la Asociaci\u00f3n de Bomberos de Olavarr\u00eda. Entre los puntos destacados, se confirm\u00f3 la <strong>Cena de Fin de A\u00f1o de la Regi\u00f3n<\/strong>, un encuentro de camarader\u00eda destinado a los cuerpos activos, autoridades y familias de los cuarteles, que se realizar\u00e1 el 17 de diciembre en la localidad de Alvear.<\/p>\n<p>Tambi\u00e9n se comparti\u00f3 un informe sobre el<strong> 1\u00b0 Encuentro de J\u00f3venes Bomberos realizado en Mar del Plata<\/strong>, donde participaron representantes de la Regi\u00f3n junto a delegaciones de toda la provincia, fortaleciendo el trabajo formativo y el intercambio entre las nuevas generaciones.<\/p>\n<p>Asimismo, se trataron temas vinculados a las <strong>actividades de la Federaci\u00f3n,<\/strong> programas de capacitaci\u00f3n, avances administrativos y cuestiones relacionadas a subsidios y gestiones pendientes.<\/p>\n<p>Uno de los ejes principales del encuentro fue la continuidad en el <strong>desarrollo de la p\u00e1gina web oficial de la Regi\u00f3n Centro Centro<\/strong>, proyecto que permitir\u00e1 mejorar la comunicaci\u00f3n interna y externa, centralizar informaci\u00f3n y fortalecer la identidad regional.<\/p>\n<p><em>&#8220;Con esta reuni\u00f3n, la Regi\u00f3n Centro Centro cierra un a\u00f1o de intenso trabajo, consolidando espacios de formaci\u00f3n, proyectos conjuntos y acciones que fortalecen la labor de todos los cuarteles que la integran&#8221;<\/em> inform\u00f3 Bomberos de Olavarr\u00eda.<\/p>\n","protected":false},"excerpt":{"rendered":"<p>Tuvo lugar en Saladillo. Se repasaron las actividades recientes, los proyectos en marcha y la agenda de cierre 2025.<\/p>\n","protected":false},"author":4,"featured_media":189509,"comment_status":"closed","ping_status":"closed","sticky":false,"template":"","format":"standard","meta":{"_jetpack_memberships_contains_paid_content":false,"footnotes":""},"categories":[5,1],"tags":[],"class_list":["post-189508","post","type-post","status-publish","format-standard","has-post-thumbnail","hentry","category-informacion-general","category-portada"],"jetpack_featured_media_url":"https:\/\/i0.wp.com\/cdnoticias.com\/wp-content\/uploads\/2025\/12\/Region-Centro-Centro-Bomberos-Voluntarios-Olavarria.jpg?fit=830%2C462&ssl=1","jetpack_sharing_enabled":true,"_links":{"self":[{"href":"https:\/\/cdnoticias.com\/index.php\/wp-json\/wp\/v2\/posts\/189508","targetHints":{"allow":["GET"]}}],"collection":[{"href":"https:\/\/cdnoticias.com\/index.php\/wp-json\/wp\/v2\/posts"}],"about":[{"href":"https:\/\/cdnoticias.com\/index.php\/wp-json\/wp\/v2\/types\/post"}],"author":[{"embeddable":true,"href":"https:\/\/cdnoticias.com\/index.php\/wp-json\/wp\/v2\/users\/4"}],"replies":[{"embeddable":true,"href":"https:\/\/cdnoticias.com\/index.php\/wp-json\/wp\/v2\/comments?post=189508"}],"version-history":[{"count":0,"href":"https:\/\/cdnoticias.com\/index.php\/wp-json\/wp\/v2\/posts\/189508\/revisions"}],"wp:featuredmedia":[{"embeddable":true,"href":"https:\/\/cdnoticias.com\/index.php\/wp-json\/wp\/v2\/media\/189509"}],"wp:attachment":[{"href":"https:\/\/cdnoticias.com\/index.php\/wp-json\/wp\/v2\/media?parent=189508"}],"wp:term":[{"taxonomy":"category","embeddable":true,"href":"https:\/\/cdnoticias.com\/index.php\/wp-json\/wp\/v2\/categories?post=189508"},{"taxonomy":"post_tag","embeddable":true,"href":"https:\/\/cdnoticias.com\/index.php\/wp-json\/wp\/v2\/tags?post=189508"}],"curies":[{"name":"wp","href":"https:\/\/api.w.org\/{rel}","templated":true}]}}