{"id":189498,"date":"2025-12-04T12:31:35","date_gmt":"2025-12-04T15:31:35","guid":{"rendered":"https:\/\/cdnoticias.com\/?p=189498"},"modified":"2025-12-04T12:31:37","modified_gmt":"2025-12-04T15:31:37","slug":"cesar-valicenti-es-consejero-general-de-educacion-bonaerense","status":"publish","type":"post","link":"https:\/\/cdnoticias.com\/index.php\/2025\/12\/04\/cesar-valicenti-es-consejero-general-de-educacion-bonaerense\/","title":{"rendered":"C\u00e9sar Valicenti es consejero general de Educaci\u00f3n bonaerense"},"content":{"rendered":"<p>En la negociaci\u00f3n para la votaci\u00f3n del endeudamiento, se definieron en la Legislatura los integrantes de diferentes organismos y el olavarriense qued\u00f3 avalado en uno de ellos.<!--more--><\/p>\n<hr \/>\n<p>Durante la <strong>sesi\u00f3n de la Legislatura<\/strong> que <a href=\"https:\/\/cdnoticias.com\/index.php\/2025\/12\/04\/esta-madrugada-quedo-aprobada-la-ley-de-endeudamiento-provincial\/\" target=\"_blank\" rel=\"noopener\">este jueves por la madrugada aval\u00f3 el endeudamiento provincial<\/a> se votaron tambi\u00e9n <strong>reparto de cargos en distintos organismos<\/strong>, definidos entre los acuerdos para lograr la mayor\u00eda requerida.<\/p>\n<p>As\u00ed d<strong>esde el Senado provincial se expuso<\/strong> que se <strong>aprobaron pliegos<\/strong> para designar al <strong>directorio del Banco Provincia<\/strong>, los<strong> integrantes en el Consejo General de Cultura y Educaci\u00f3n<\/strong> y miembros del<strong> Tribunal Fiscal de Apelaciones<\/strong>. En todos los casos, con <em>representaci\u00f3n tanto del oficialismo como de la oposici\u00f3n.<\/em><\/p>\n<blockquote><p>Respecto del Consejo General de Cultura y Educaci\u00f3n provincial se inform\u00f3 que qued\u00f3 designado el olavarriense C\u00e9sar Valicenti, ex diputado provincial hasta 2023 y hoy integrante de la gesti\u00f3n municipal en Olavarr\u00eda.<\/p><\/blockquote>\n<p>Junto a \u00e9l quedaron designados <em>Marcelo Zarlenga, Graciela Edith Veneciano, Graciela Mar\u00eda Salvador, Graciela Ramundo, Maira Roc\u00edo Ricciardelli, Aldana Julieta Ahumada, Carlos Nicol\u00e1s Bonino, Silvio Adri\u00e1n Maffeo y Josefina Mendoza<\/em>.<\/p>\n<p>Los tres primeros pertenecen a<strong> sectores gremiales<\/strong>, Roc\u00edo Ricciardelli al <strong>massismo<\/strong>, Aldana Ahumada al <strong>PRO<\/strong>, el propio Valicenti al <strong>kirchnerismo<\/strong>, Carlos Bonino al sector<strong> radical de Maximiliano Abad<\/strong>, Silvio Maffeo es actual <strong>director de Inspecci\u00f3n General provincial<\/strong> y Josefina Mendoza al <strong>espacio radical de Mart\u00edn Lousteau<\/strong>.<\/p>\n<p>Quien dej\u00f3 una de las sillas en dicho Consejo es Diego Di Salvo, de 25 de Mayo, quien asumi\u00f3 como Prosecretario legislativo de la C\u00e1mara de Diputados de la Provincia.<\/p>\n<p>Fuentes: <em>Senado BA y S\u00e9ptima Secci\u00f3n<\/em><\/p>\n","protected":false},"excerpt":{"rendered":"<p>En la negociaci\u00f3n para la votaci\u00f3n del endeudamiento, se definieron en la Legislatura los integrantes de diferentes organismos y el<\/p>\n","protected":false},"author":4,"featured_media":58361,"comment_status":"closed","ping_status":"closed","sticky":false,"template":"","format":"standard","meta":{"_jetpack_memberships_contains_paid_content":false,"footnotes":""},"categories":[4,1],"tags":[],"class_list":["post-189498","post","type-post","status-publish","format-standard","has-post-thumbnail","hentry","category-politica","category-portada"],"jetpack_featured_media_url":"https:\/\/i0.wp.com\/cdnoticias.com\/wp-content\/uploads\/2022\/06\/valicenti4-scaled.jpg?fit=2560%2C1424&ssl=1","jetpack_sharing_enabled":true,"_links":{"self":[{"href":"https:\/\/cdnoticias.com\/index.php\/wp-json\/wp\/v2\/posts\/189498","targetHints":{"allow":["GET"]}}],"collection":[{"href":"https:\/\/cdnoticias.com\/index.php\/wp-json\/wp\/v2\/posts"}],"about":[{"href":"https:\/\/cdnoticias.com\/index.php\/wp-json\/wp\/v2\/types\/post"}],"author":[{"embeddable":true,"href":"https:\/\/cdnoticias.com\/index.php\/wp-json\/wp\/v2\/users\/4"}],"replies":[{"embeddable":true,"href":"https:\/\/cdnoticias.com\/index.php\/wp-json\/wp\/v2\/comments?post=189498"}],"version-history":[{"count":0,"href":"https:\/\/cdnoticias.com\/index.php\/wp-json\/wp\/v2\/posts\/189498\/revisions"}],"wp:featuredmedia":[{"embeddable":true,"href":"https:\/\/cdnoticias.com\/index.php\/wp-json\/wp\/v2\/media\/58361"}],"wp:attachment":[{"href":"https:\/\/cdnoticias.com\/index.php\/wp-json\/wp\/v2\/media?parent=189498"}],"wp:term":[{"taxonomy":"category","embeddable":true,"href":"https:\/\/cdnoticias.com\/index.php\/wp-json\/wp\/v2\/categories?post=189498"},{"taxonomy":"post_tag","embeddable":true,"href":"https:\/\/cdnoticias.com\/index.php\/wp-json\/wp\/v2\/tags?post=189498"}],"curies":[{"name":"wp","href":"https:\/\/api.w.org\/{rel}","templated":true}]}}