{"id":189496,"date":"2025-12-04T16:01:11","date_gmt":"2025-12-04T19:01:11","guid":{"rendered":"https:\/\/cdnoticias.com\/?p=189496"},"modified":"2025-12-04T19:13:35","modified_gmt":"2025-12-04T22:13:35","slug":"la-terminal-de-omnibus-de-olavarria-define-su-horario-especial-para-las-fiestas","status":"publish","type":"post","link":"https:\/\/cdnoticias.com\/index.php\/2025\/12\/04\/la-terminal-de-omnibus-de-olavarria-define-su-horario-especial-para-las-fiestas\/","title":{"rendered":"La Terminal de \u00d3mnibus de Olavarr\u00eda define su horario especial para las fiestas"},"content":{"rendered":"\n<p>El edificio permanecer\u00e1 cerrado desde las 18:00 del 24 y 31 de diciembre. Reabrir\u00e1 a las 11:00 del 25 y del 1 de enero.<\/p>\n\n\n\n<hr class=\"wp-block-separator has-alpha-channel-opacity\"\/>\n\n\n\n<p>El Municipio de Olavarr\u00eda, a trav\u00e9s de la Secretar\u00eda de Desarrollo Econ\u00f3mico y Productivo, inform\u00f3 los<strong> horarios especiales de funcionamiento de la Terminal de \u00d3mnibus durante las fiestas de fin de a\u00f1o. <\/strong>La medida fue acordada por la coordinaci\u00f3n del espacio junto con los servicios que all\u00ed se prestan.<\/p>\n\n\n\n<p><\/p>\n\n\n\n<p>Para la celebraci\u00f3n de<strong> Nochebuena y Navidad<\/strong>, la Terminal <strong>cerrar\u00e1 sus puertas a las 18 horas del 24 de diciembre y volver\u00e1 a abrir a las 11 horas del 25.<\/strong><\/p>\n\n\n\n<p><\/p>\n\n\n\n<p>La misma modalidad regir\u00e1 para<strong> A\u00f1o Nuevo<\/strong>: el edificio se<strong> cerrar\u00e1 a las 18 horas del 31 de diciembre y retomar\u00e1 su actividad habitual a las 11 horas del 1 de enero de 2026.<\/strong><\/p>\n","protected":false},"excerpt":{"rendered":"<p>El edificio permanecer\u00e1 cerrado desde las 18:00 del 24 y 31 de diciembre. Reabrir\u00e1 a las 11:00 del 25 y<\/p>\n","protected":false},"author":5,"featured_media":7884,"comment_status":"closed","ping_status":"closed","sticky":false,"template":"","format":"standard","meta":{"_jetpack_memberships_contains_paid_content":false,"footnotes":""},"categories":[5,1],"tags":[],"class_list":["post-189496","post","type-post","status-publish","format-standard","has-post-thumbnail","hentry","category-informacion-general","category-portada"],"jetpack_featured_media_url":"https:\/\/i0.wp.com\/cdnoticias.com\/wp-content\/uploads\/2020\/12\/terminal01.jpg?fit=1133%2C632&ssl=1","jetpack_sharing_enabled":true,"_links":{"self":[{"href":"https:\/\/cdnoticias.com\/index.php\/wp-json\/wp\/v2\/posts\/189496","targetHints":{"allow":["GET"]}}],"collection":[{"href":"https:\/\/cdnoticias.com\/index.php\/wp-json\/wp\/v2\/posts"}],"about":[{"href":"https:\/\/cdnoticias.com\/index.php\/wp-json\/wp\/v2\/types\/post"}],"author":[{"embeddable":true,"href":"https:\/\/cdnoticias.com\/index.php\/wp-json\/wp\/v2\/users\/5"}],"replies":[{"embeddable":true,"href":"https:\/\/cdnoticias.com\/index.php\/wp-json\/wp\/v2\/comments?post=189496"}],"version-history":[{"count":0,"href":"https:\/\/cdnoticias.com\/index.php\/wp-json\/wp\/v2\/posts\/189496\/revisions"}],"wp:featuredmedia":[{"embeddable":true,"href":"https:\/\/cdnoticias.com\/index.php\/wp-json\/wp\/v2\/media\/7884"}],"wp:attachment":[{"href":"https:\/\/cdnoticias.com\/index.php\/wp-json\/wp\/v2\/media?parent=189496"}],"wp:term":[{"taxonomy":"category","embeddable":true,"href":"https:\/\/cdnoticias.com\/index.php\/wp-json\/wp\/v2\/categories?post=189496"},{"taxonomy":"post_tag","embeddable":true,"href":"https:\/\/cdnoticias.com\/index.php\/wp-json\/wp\/v2\/tags?post=189496"}],"curies":[{"name":"wp","href":"https:\/\/api.w.org\/{rel}","templated":true}]}}