{"id":189490,"date":"2025-12-06T09:28:17","date_gmt":"2025-12-06T12:28:17","guid":{"rendered":"https:\/\/cdnoticias.com\/?p=189490"},"modified":"2025-12-06T14:30:51","modified_gmt":"2025-12-06T17:30:51","slug":"llega-el-ultimo-fin-de-semana-largo-es-feriado-o-dia-no-laborable","status":"publish","type":"post","link":"https:\/\/cdnoticias.com\/index.php\/2025\/12\/06\/llega-el-ultimo-fin-de-semana-largo-es-feriado-o-dia-no-laborable\/","title":{"rendered":"Llega el \u00faltimo fin de semana largo: \u00bfes feriado o d\u00eda no laborable?"},"content":{"rendered":"\n<p>El lunes 8 de diciembre cae feriado y arranca un finde XL. Repasamos qu\u00e9 se conmemora y c\u00f3mo ser\u00e1 el calendario de asuetos en el 2026.<\/p>\n\n\n\n<hr class=\"wp-block-separator has-alpha-channel-opacity\"\/>\n\n\n\n<p>Tras el \u00faltimo fin de semana extra largo del a\u00f1o que se dio en el marco del <strong>D\u00eda de la Soberan\u00eda Nacional,<\/strong> que llev\u00f3 a miles de ciudadanos a tener cuatro d\u00edas sin actividad, este fin de semana de diciembre llegar\u00e1 <strong>un nuevo feriado, que da paso a tres d\u00edas de descanso, a la espera de Navidad.<\/strong><\/p>\n\n\n\n<p><\/p>\n\n\n\n<p>El <strong>lunes 8 de diciembre, D\u00eda de la Inmaculada Concepci\u00f3n de Mar\u00eda,<\/strong> es una jornada nacional e inamovible, por lo que ofrece la posibilidad de un respiro antes del v\u00e9rtigo de fin de a\u00f1o. Para quienes planifican aprovecharlo, ya sea para viajar o descansar, conviene tener presente qu\u00e9 implica.<\/p>\n\n\n\n<p><\/p>\n\n\n\n<p>Esta jornada es especial para la comunidad cat\u00f3lica, ya que recuerda la creencia de que Mar\u00eda de Nazaret, madre de Jes\u00fas, fue concebida sin pecado original. Adem\u00e1s, en muchas casas argentinas, el 8 de diciembre es el d\u00eda elegido para armar el \u00e1rbol de Navidad, una tradici\u00f3n que marca el inicio de la temporada festiva.<\/p>\n\n\n\n<p><\/p>\n\n\n\n<blockquote class=\"wp-block-quote is-layout-flow wp-block-quote-is-layout-flow\">\n<p>El calendario oficial recuerda que al ser feriado (y no d\u00eda no laborable) se obliga a suspender toda clase de actividad administrativa y comercial en el \u00e1mbito p\u00fablico, y en el privado solo se mantiene en funcionamiento aquello considerado esencial o bajo esquemas de guardias m\u00ednimas.<\/p>\n<\/blockquote>\n\n\n\n<p><\/p>\n\n\n\n<p>En tanto, <strong>el \u00faltimo feriado de 2025 ser\u00e1 el 25 de diciembre, que este a\u00f1o coincide con un jueves. <\/strong>Se trata de la <strong>Navidad<\/strong>, otra celebraci\u00f3n cat\u00f3lica en la que se conmemora el nacimiento de Jes\u00fas. Esta jornada entra en la categor\u00eda de \u201cferiado inamovible\u201d, lo que significa que no se podr\u00e1 correr de fecha para crear un fin de semana largo. Aunque <strong>podr\u00eda pasar que las administraciones p\u00fablicas sumen como jornada no laborable a la del viernes.<\/strong><\/p>\n\n\n\n<p><\/p>\n\n\n\n<p><strong>\u00bfC\u00f3mo es el calendario de feriados que queda?<\/strong><\/p>\n\n\n\n<p><strong><br><\/strong>En 2025, el \u00faltimo fin de semana largo del a\u00f1o se genera con el feriado del 8 de diciembre. Al caer un lunes, se une al s\u00e1bado y domingo anteriores, ofreciendo un per\u00edodo extendido de descanso. El otro d\u00eda en agenda es Navidad.<\/p>\n\n\n\n<p><\/p>\n\n\n\n<p><strong>Lunes 8 de diciembre: <\/strong>feriado por el D\u00eda de la Inmaculada Concepci\u00f3n de Mar\u00eda.<\/p>\n\n\n\n<p><br><strong>Jueves 25 de diciembre:<\/strong> feriado por Navidad.<\/p>\n\n\n\n<p><\/p>\n\n\n\n<p><em>Fuente: Agencia DIB. <\/em><\/p>\n","protected":false},"excerpt":{"rendered":"<p>El lunes 8 de diciembre cae feriado y arranca un finde XL. Repasamos qu\u00e9 se conmemora y c\u00f3mo ser\u00e1 el<\/p>\n","protected":false},"author":5,"featured_media":188602,"comment_status":"closed","ping_status":"closed","sticky":false,"template":"","format":"standard","meta":{"_jetpack_memberships_contains_paid_content":false,"footnotes":""},"categories":[6,1],"tags":[],"class_list":["post-189490","post","type-post","status-publish","format-standard","has-post-thumbnail","hentry","category-nacionales","category-portada"],"jetpack_featured_media_url":"https:\/\/i0.wp.com\/cdnoticias.com\/wp-content\/uploads\/2025\/11\/primavera-parque-soleado-olavarria.jpg?fit=1000%2C556&ssl=1","jetpack_sharing_enabled":true,"_links":{"self":[{"href":"https:\/\/cdnoticias.com\/index.php\/wp-json\/wp\/v2\/posts\/189490","targetHints":{"allow":["GET"]}}],"collection":[{"href":"https:\/\/cdnoticias.com\/index.php\/wp-json\/wp\/v2\/posts"}],"about":[{"href":"https:\/\/cdnoticias.com\/index.php\/wp-json\/wp\/v2\/types\/post"}],"author":[{"embeddable":true,"href":"https:\/\/cdnoticias.com\/index.php\/wp-json\/wp\/v2\/users\/5"}],"replies":[{"embeddable":true,"href":"https:\/\/cdnoticias.com\/index.php\/wp-json\/wp\/v2\/comments?post=189490"}],"version-history":[{"count":0,"href":"https:\/\/cdnoticias.com\/index.php\/wp-json\/wp\/v2\/posts\/189490\/revisions"}],"wp:featuredmedia":[{"embeddable":true,"href":"https:\/\/cdnoticias.com\/index.php\/wp-json\/wp\/v2\/media\/188602"}],"wp:attachment":[{"href":"https:\/\/cdnoticias.com\/index.php\/wp-json\/wp\/v2\/media?parent=189490"}],"wp:term":[{"taxonomy":"category","embeddable":true,"href":"https:\/\/cdnoticias.com\/index.php\/wp-json\/wp\/v2\/categories?post=189490"},{"taxonomy":"post_tag","embeddable":true,"href":"https:\/\/cdnoticias.com\/index.php\/wp-json\/wp\/v2\/tags?post=189490"}],"curies":[{"name":"wp","href":"https:\/\/api.w.org\/{rel}","templated":true}]}}