{"id":189437,"date":"2025-12-04T08:44:59","date_gmt":"2025-12-04T11:44:59","guid":{"rendered":"https:\/\/cdnoticias.com\/?p=189437"},"modified":"2025-12-04T09:35:39","modified_gmt":"2025-12-04T12:35:39","slug":"convocatoria-a-guardavidas-para-cumplir-funciones-en-la-temporada-de-verano","status":"publish","type":"post","link":"https:\/\/cdnoticias.com\/index.php\/2025\/12\/04\/convocatoria-a-guardavidas-para-cumplir-funciones-en-la-temporada-de-verano\/","title":{"rendered":"Convocatoria a Guardavidas para cumplir funciones en la temporada de verano"},"content":{"rendered":"\n<p>Las personas interesadas deber\u00e1n presentarse en la Subsecretar\u00eda de Deportes, con oficina en la planta baja del Palacio Municipal.<\/p>\n\n\n\n<hr class=\"wp-block-separator aligncenter has-alpha-channel-opacity\"\/>\n\n\n\n<p>El Municipio de Olavarr\u00eda, a trav\u00e9s de la Subsecretar\u00eda de Deportes,<strong> convoca a guardavidas para cumplir funciones durante la temporada de verano <\/strong>en distintos espejos de agua del Partido.<\/p>\n\n\n\n<p><\/p>\n\n\n\n<p>La b\u00fasqueda es para<strong> cubrir vacantes<\/strong> en las siguientes piletas:<\/p>\n\n\n\n<ul class=\"wp-block-list\">\n<li>Bioparque Municipal La M\u00e1xima: s\u00e1bados y domingos de 14 a 18 horas<\/li>\n<\/ul>\n\n\n\n<ul class=\"wp-block-list\">\n<li>Recalde: de lunes a viernes turno ma\u00f1ana y tarde, fines de semana turno tarde<\/li>\n<\/ul>\n\n\n\n<ul class=\"wp-block-list\">\n<li>Blanca Grande: de lunes a viernes turno ma\u00f1ana y tarde, fines de semana turno tarde<\/li>\n<\/ul>\n\n\n\n<ul class=\"wp-block-list\">\n<li>Espigas: de lunes a viernes turno ma\u00f1ana y tarde, fines de semana turno tarde<\/li>\n<\/ul>\n\n\n\n<p><\/p>\n\n\n\n<p>Personas interesadas deber\u00e1n presentarse en la <strong>Subsecretar\u00eda de Deporte<\/strong>s, con oficina en la planta baja del <strong>Palacio Municipal, de lunes a viernes de 7 a 13 horas<\/strong>, o comunicarse v\u00eda <strong>WhatsApp al 2284 219698.<\/strong><\/p>\n\n\n\n<p><\/p>\n","protected":false},"excerpt":{"rendered":"<p>Las personas interesadas deber\u00e1n presentarse en la Subsecretar\u00eda de Deportes, con oficina en la planta baja del Palacio Municipal. El<\/p>\n","protected":false},"author":6,"featured_media":105856,"comment_status":"closed","ping_status":"closed","sticky":false,"template":"","format":"standard","meta":{"_jetpack_memberships_contains_paid_content":false,"footnotes":""},"categories":[5,1],"tags":[],"class_list":["post-189437","post","type-post","status-publish","format-standard","has-post-thumbnail","hentry","category-informacion-general","category-portada"],"jetpack_featured_media_url":"https:\/\/i0.wp.com\/cdnoticias.com\/wp-content\/uploads\/2024\/01\/guardavidas.jpg?fit=1000%2C665&ssl=1","jetpack_sharing_enabled":true,"_links":{"self":[{"href":"https:\/\/cdnoticias.com\/index.php\/wp-json\/wp\/v2\/posts\/189437","targetHints":{"allow":["GET"]}}],"collection":[{"href":"https:\/\/cdnoticias.com\/index.php\/wp-json\/wp\/v2\/posts"}],"about":[{"href":"https:\/\/cdnoticias.com\/index.php\/wp-json\/wp\/v2\/types\/post"}],"author":[{"embeddable":true,"href":"https:\/\/cdnoticias.com\/index.php\/wp-json\/wp\/v2\/users\/6"}],"replies":[{"embeddable":true,"href":"https:\/\/cdnoticias.com\/index.php\/wp-json\/wp\/v2\/comments?post=189437"}],"version-history":[{"count":0,"href":"https:\/\/cdnoticias.com\/index.php\/wp-json\/wp\/v2\/posts\/189437\/revisions"}],"wp:featuredmedia":[{"embeddable":true,"href":"https:\/\/cdnoticias.com\/index.php\/wp-json\/wp\/v2\/media\/105856"}],"wp:attachment":[{"href":"https:\/\/cdnoticias.com\/index.php\/wp-json\/wp\/v2\/media?parent=189437"}],"wp:term":[{"taxonomy":"category","embeddable":true,"href":"https:\/\/cdnoticias.com\/index.php\/wp-json\/wp\/v2\/categories?post=189437"},{"taxonomy":"post_tag","embeddable":true,"href":"https:\/\/cdnoticias.com\/index.php\/wp-json\/wp\/v2\/tags?post=189437"}],"curies":[{"name":"wp","href":"https:\/\/api.w.org\/{rel}","templated":true}]}}