{"id":189427,"date":"2025-12-04T17:00:04","date_gmt":"2025-12-04T20:00:04","guid":{"rendered":"https:\/\/cdnoticias.com\/?p=189427"},"modified":"2025-12-04T17:00:06","modified_gmt":"2025-12-04T20:00:06","slug":"la-biblioteca-popular-a-collinet-presento-sus-horarios-de-verano","status":"publish","type":"post","link":"https:\/\/cdnoticias.com\/index.php\/2025\/12\/04\/la-biblioteca-popular-a-collinet-presento-sus-horarios-de-verano\/","title":{"rendered":"La Biblioteca Popular \u201cA. Collinet\u201d present\u00f3 sus horarios de verano"},"content":{"rendered":"\n<p>Con algunas modificaciones, la instituci\u00f3n atender\u00e1 al p\u00fablico durante diciembre y enero.<\/p>\n\n\n\n<hr class=\"wp-block-separator aligncenter has-alpha-channel-opacity\"\/>\n\n\n\n<p>La <strong>Biblioteca Popular Armando Collinet<\/strong> informa a la comunidad los <strong>horarios establecidos para los meses de diciembre, enero y febrero<\/strong>, con el fin de que socios, socias y p\u00fablico en general puedan organizar sus visitas y continuar disfrutando de la lectura durante la temporada de verano.<\/p>\n\n\n\n<p><\/p>\n\n\n\n<blockquote class=\"wp-block-quote is-layout-flow wp-block-quote-is-layout-flow\">\n<p>En este sentido, en el mes de diciembre, abrir\u00e1 sus puertas de lunes a viernes de 9 a 12 y de 14 a 18 horas. Durante enero, recibir\u00e1 al p\u00fablico de lunes a viernes de 8 a 13 horas y de 14 a 16 horas. Cabe mencionar, que en el mes de febrero, cerrar\u00e1 por vacaciones.\u00a0<\/p>\n<\/blockquote>\n\n\n\n<p><\/p>\n\n\n\n<p>La instituci\u00f3n tiene sede en Alsina 2659 y cuenta con una amplia variedad de material, ideal para acompa\u00f1ar el verano: <strong>novelas, cuentos y opciones para todas las edades.\u00a0<\/strong><\/p>\n\n\n\n<p><\/p>\n\n\n\n<p>Asimismo, la Comisi\u00f3n Directiva y el personal, se encuentra trabajando en <strong>nuevas propuestas y actividades para el 2026,<\/strong> con el objetivo de seguir fortaleciendo el acceso a la lectura y a la cultura.\u00a0<\/p>\n\n\n\n<p><\/p>\n\n\n\n<p>Para m\u00e1s informaci\u00f3n acerca de los servicios, actividades y propuestas de la Biblioteca Popular Armando Collinet, podr\u00e1n acercarse a Alsina 2659 -sede de la Biblioteca- o comunicarse a trav\u00e9s de los siguientes canales:<\/p>\n\n\n\n<ul class=\"wp-block-list\">\n<li>WhatsApp: 2284 545589<\/li>\n<\/ul>\n\n\n\n<ul class=\"wp-block-list\">\n<li>Facebook: Biblioteca Popular Armando Collinet<\/li>\n<\/ul>\n\n\n\n<ul class=\"wp-block-list\">\n<li>Instagram: biblioarmandocollinet\u00a0<\/li>\n<\/ul>\n\n\n\n<ul class=\"wp-block-list\">\n<li>Correo electr\u00f3nico: biblioarmandocollinetredes@gmail.com\u00a0<\/li>\n<\/ul>\n","protected":false},"excerpt":{"rendered":"<p>Con algunas modificaciones, la instituci\u00f3n atender\u00e1 al p\u00fablico durante diciembre y enero. La Biblioteca Popular Armando Collinet informa a la<\/p>\n","protected":false},"author":6,"featured_media":115700,"comment_status":"closed","ping_status":"closed","sticky":false,"template":"","format":"standard","meta":{"_jetpack_memberships_contains_paid_content":false,"footnotes":""},"categories":[9,1],"tags":[],"class_list":["post-189427","post","type-post","status-publish","format-standard","has-post-thumbnail","hentry","category-cultura","category-portada"],"jetpack_featured_media_url":"https:\/\/i0.wp.com\/cdnoticias.com\/wp-content\/uploads\/2024\/05\/Biblioteca-Popular-Armando-Collinet.jpeg?fit=800%2C450&ssl=1","jetpack_sharing_enabled":true,"_links":{"self":[{"href":"https:\/\/cdnoticias.com\/index.php\/wp-json\/wp\/v2\/posts\/189427","targetHints":{"allow":["GET"]}}],"collection":[{"href":"https:\/\/cdnoticias.com\/index.php\/wp-json\/wp\/v2\/posts"}],"about":[{"href":"https:\/\/cdnoticias.com\/index.php\/wp-json\/wp\/v2\/types\/post"}],"author":[{"embeddable":true,"href":"https:\/\/cdnoticias.com\/index.php\/wp-json\/wp\/v2\/users\/6"}],"replies":[{"embeddable":true,"href":"https:\/\/cdnoticias.com\/index.php\/wp-json\/wp\/v2\/comments?post=189427"}],"version-history":[{"count":0,"href":"https:\/\/cdnoticias.com\/index.php\/wp-json\/wp\/v2\/posts\/189427\/revisions"}],"wp:featuredmedia":[{"embeddable":true,"href":"https:\/\/cdnoticias.com\/index.php\/wp-json\/wp\/v2\/media\/115700"}],"wp:attachment":[{"href":"https:\/\/cdnoticias.com\/index.php\/wp-json\/wp\/v2\/media?parent=189427"}],"wp:term":[{"taxonomy":"category","embeddable":true,"href":"https:\/\/cdnoticias.com\/index.php\/wp-json\/wp\/v2\/categories?post=189427"},{"taxonomy":"post_tag","embeddable":true,"href":"https:\/\/cdnoticias.com\/index.php\/wp-json\/wp\/v2\/tags?post=189427"}],"curies":[{"name":"wp","href":"https:\/\/api.w.org\/{rel}","templated":true}]}}