{"id":189418,"date":"2025-12-10T08:34:51","date_gmt":"2025-12-10T11:34:51","guid":{"rendered":"https:\/\/cdnoticias.com\/?p=189418"},"modified":"2025-12-10T08:34:53","modified_gmt":"2025-12-10T11:34:53","slug":"muestra-inquietudes-junto-a-talleres-y-actividades-culturales","status":"publish","type":"post","link":"https:\/\/cdnoticias.com\/index.php\/2025\/12\/10\/muestra-inquietudes-junto-a-talleres-y-actividades-culturales\/","title":{"rendered":"Muestra \u201cInquietudes\u201d junto a talleres y actividades culturales\u00a0"},"content":{"rendered":"\n<p>Ser\u00e1 el s\u00e1bado 13 de diciembre en la Plaza L\u00f3pez Camelo ubicada en las calles San Mart\u00edn y Chacabuco.<\/p>\n\n\n\n<hr class=\"wp-block-separator aligncenter has-alpha-channel-opacity\"\/>\n\n\n\n<p>El pr\u00f3ximo<strong> s\u00e1bado 13 <\/strong>se invita a la comunidad a participar de la <strong>muestra \u201cinquietudes\u201d.<\/strong> La actividad se realizar\u00e1 <strong>desde las 18:30 horas <\/strong>en la<strong> Plaza L\u00f3pez Camelo <\/strong>ubicada en las calles <strong>San Mart\u00edn y Chacabuco.<\/strong><\/p>\n\n\n\n<p><\/p>\n\n\n\n<blockquote class=\"wp-block-quote is-layout-flow wp-block-quote-is-layout-flow\">\n<p>El objetivo es comenzar a recorrer espacios p\u00fablicos donde se puedan presentar algunos de los diferentes grupos art\u00edsticos y producciones que se realizan durante el a\u00f1o en el Centro Cultural Universitario UNICEN sede Olavarr\u00eda.<\/p>\n<\/blockquote>\n\n\n\n<p><\/p>\n\n\n\n<p>En esta primera oportunidad se presentar\u00e1n: \u201c <strong>Taller de Bachata\u201d<\/strong> a cargo de Sabrina Sacco dependiente de CCUO y Facultad de Ciencias Sociales; <strong>el Coro Universitario de Olavarr\u00eda<\/strong>, dirigido por Juan Loza, dependiente del \u00c1rea de Cultura de la UNICEN; el grupo de <strong>Danza del Taller Bailemos Folklore UNICEN<\/strong> en Olavarr\u00eda , coordinado por Ezequiel Ter\u00e1n (Proyecto de regionalizaci\u00f3n del Ballet de Danzas Argentinas, dependiente de Cultura UNICEN); y el <strong>Taller de Arte P\u00fablico <\/strong>\u201cEl barrio anda diciendo\u201d a cargo de Julio Ben\u00edtez y Mar\u00eda Delia Barbato, dependiente del Programa ConectARTE, CCUO y \u00c1rea de Cultura de UNICEN. Tambi\u00e9n habr\u00e1 <strong>feriantes y artesanos.<\/strong><\/p>\n\n\n\n<p><\/p>\n\n\n\n<p>Organizan el evento el \u00e1rea de Cultura rectorado, Centro Cultural Universitario UNICEN Olavarr\u00eda, Facultad de Ciencias Sociales, Facultad de Ingenier\u00eda, Facultad de Ciencias de la Salud, Escuela Nacional Adolfo P\u00e9rez Esquivel (ENAPE), Jard\u00edn Maternal Upa La La.<\/p>\n\n\n\n<p><\/p>\n","protected":false},"excerpt":{"rendered":"<p>Ser\u00e1 el s\u00e1bado 13 de diciembre en la Plaza L\u00f3pez Camelo ubicada en las calles San Mart\u00edn y Chacabuco. El<\/p>\n","protected":false},"author":6,"featured_media":81938,"comment_status":"closed","ping_status":"closed","sticky":false,"template":"","format":"standard","meta":{"_jetpack_memberships_contains_paid_content":false,"footnotes":""},"categories":[9,1],"tags":[],"class_list":["post-189418","post","type-post","status-publish","format-standard","has-post-thumbnail","hentry","category-cultura","category-portada"],"jetpack_featured_media_url":"https:\/\/i0.wp.com\/cdnoticias.com\/wp-content\/uploads\/2023\/04\/Centro-Cultural-Universitario-1.jpg?fit=1280%2C712&ssl=1","jetpack_sharing_enabled":true,"_links":{"self":[{"href":"https:\/\/cdnoticias.com\/index.php\/wp-json\/wp\/v2\/posts\/189418","targetHints":{"allow":["GET"]}}],"collection":[{"href":"https:\/\/cdnoticias.com\/index.php\/wp-json\/wp\/v2\/posts"}],"about":[{"href":"https:\/\/cdnoticias.com\/index.php\/wp-json\/wp\/v2\/types\/post"}],"author":[{"embeddable":true,"href":"https:\/\/cdnoticias.com\/index.php\/wp-json\/wp\/v2\/users\/6"}],"replies":[{"embeddable":true,"href":"https:\/\/cdnoticias.com\/index.php\/wp-json\/wp\/v2\/comments?post=189418"}],"version-history":[{"count":0,"href":"https:\/\/cdnoticias.com\/index.php\/wp-json\/wp\/v2\/posts\/189418\/revisions"}],"wp:featuredmedia":[{"embeddable":true,"href":"https:\/\/cdnoticias.com\/index.php\/wp-json\/wp\/v2\/media\/81938"}],"wp:attachment":[{"href":"https:\/\/cdnoticias.com\/index.php\/wp-json\/wp\/v2\/media?parent=189418"}],"wp:term":[{"taxonomy":"category","embeddable":true,"href":"https:\/\/cdnoticias.com\/index.php\/wp-json\/wp\/v2\/categories?post=189418"},{"taxonomy":"post_tag","embeddable":true,"href":"https:\/\/cdnoticias.com\/index.php\/wp-json\/wp\/v2\/tags?post=189418"}],"curies":[{"name":"wp","href":"https:\/\/api.w.org\/{rel}","templated":true}]}}