{"id":189310,"date":"2025-12-04T16:31:05","date_gmt":"2025-12-04T19:31:05","guid":{"rendered":"https:\/\/cdnoticias.com\/?p=189310"},"modified":"2025-12-04T16:31:06","modified_gmt":"2025-12-04T19:31:06","slug":"el-colegio-de-nutricionistas-bonaerense-refuerza-su-rumbo-con-la-aprobacion-unanime-de-su-gestion","status":"publish","type":"post","link":"https:\/\/cdnoticias.com\/index.php\/2025\/12\/04\/el-colegio-de-nutricionistas-bonaerense-refuerza-su-rumbo-con-la-aprobacion-unanime-de-su-gestion\/","title":{"rendered":"El Colegio de Nutricionistas bonaerense refuerza su rumbo con la aprobaci\u00f3n un\u00e1nime de su gesti\u00f3n"},"content":{"rendered":"\n<p>El encuentro reuni\u00f3 a colegas de todas las regiones, marcando una jornada de participaci\u00f3n activa y construcci\u00f3n colectiva, destacando su car\u00e1cter completamente federal.<\/p>\n\n\n\n<hr class=\"wp-block-separator aligncenter has-alpha-channel-opacity\"\/>\n\n\n\n<p>El<strong> Colegio de Nutricionistas de la Provincia de Buenos Aires <\/strong>celebr\u00f3 con \u00e9xito su<strong> 19\u00aa Asamblea Anual Ordinaria<\/strong>, consolidando un <strong>fuerte respaldo a su gesti\u00f3n<\/strong> y un espacio clave para el debate profesional. <\/p>\n\n\n\n<p><\/p>\n\n\n\n<blockquote class=\"wp-block-quote is-layout-flow wp-block-quote-is-layout-flow\">\n<p>El encuentro reuni\u00f3 a colegas de todas las regiones, marcando una jornada de participaci\u00f3n activa y construcci\u00f3n colectiva, destacando su car\u00e1cter completamente federal.<\/p>\n<\/blockquote>\n\n\n\n<p><\/p>\n\n\n\n<p>Uno de los puntos centrales del encuentro fue la<strong> aprobaci\u00f3n de la Memoria y el Balance correspondientes al per\u00edodo 2024\/2025,<\/strong> por una abrumadora mayor\u00eda de las y los colegas presentes, <strong>sin registrar votos en contra.<\/strong> La Asamblea, en su pleno, permiti\u00f3 poner en consideraci\u00f3n la gesti\u00f3n frente a diferentes miradas, considerando la heterogeneidad y diversidad de la provincia de Buenos Aires en torno al ejercicio profesional.<\/p>\n\n\n\n<p><\/p>\n\n\n\n<p>M\u00e1s all\u00e1 de los aspectos formales, la asamblea sirvi\u00f3 como un<strong> valioso espacio de encuentro entre colegas<\/strong>. Las y los profesionales compartieron miradas, experiencias y analizaron los desaf\u00edos que enfrenta el ejercicio nutricional en el vasto territorio bonaerense.<\/p>\n\n\n\n<p><\/p>\n\n\n\n<figure class=\"wp-block-image aligncenter size-full\"><img data-recalc-dims=\"1\" loading=\"lazy\" decoding=\"async\" width=\"800\" height=\"477\" src=\"https:\/\/i0.wp.com\/cdnoticias.com\/wp-content\/uploads\/2025\/12\/colegio-nutricionistas.jpg?resize=800%2C477&#038;ssl=1\" alt=\"\" class=\"wp-image-189314\" srcset=\"https:\/\/i0.wp.com\/cdnoticias.com\/wp-content\/uploads\/2025\/12\/colegio-nutricionistas.jpg?w=880&amp;ssl=1 880w, https:\/\/i0.wp.com\/cdnoticias.com\/wp-content\/uploads\/2025\/12\/colegio-nutricionistas.jpg?resize=300%2C179&amp;ssl=1 300w, https:\/\/i0.wp.com\/cdnoticias.com\/wp-content\/uploads\/2025\/12\/colegio-nutricionistas.jpg?resize=768%2C458&amp;ssl=1 768w\" sizes=\"auto, (max-width: 800px) 100vw, 800px\" \/><\/figure>\n\n\n\n<p><\/p>\n\n\n\n<p><strong><em>\u201cEsta jornada fue un hecho hist\u00f3rico para nuestra instituci\u00f3n, no solo por el respaldo un\u00e1nime a nuestra gesti\u00f3n, sino por los importantes logros que pudimos concretar y ordenar<\/em><\/strong>\u201d, sostuvo la presidenta del Colegio de Nutricionistas de la Provincia de Buenos Aires, Laura Salzman a la par que destac\u00f3: \u201cFinalmente conseguimos ordenar la escrituraci\u00f3n de nuestra sede hist\u00f3rica de calle 11 y logramos avanzar con la construcci\u00f3n de la casa que compramos para nuestra futura sede&#8221;. <\/p>\n\n\n\n<p><\/p>\n\n\n\n<p>Salzman tambi\u00e9n se\u00f1al\u00f3 que sigue creciendo la matr\u00edcula, \u201c<strong>lo que claramente refleja el fortalecimiento de nuestro colectivo profesional\u201d<\/strong>. Desde la instituci\u00f3n tambi\u00e9n se\u00f1alaron que \u201cestos intercambios fortalecen la cohesi\u00f3n del colectivo profesional y enriquecen el desarrollo de pol\u00edticas institucionales orientadas a mejorar la calidad del trabajo nutricional en la provincia\u201d.<\/p>\n\n\n\n<p><\/p>\n\n\n\n<p>Asimismo, se hizo hincapi\u00e9 en la<strong> importancia de mantener espacios democr\u00e1ticos, transparentes y participativos. <\/strong>El objetivo es consolidar una profesi\u00f3n firmemente comprometida con la salud p\u00fablica, la \u00e9tica y, fundamentalmente, con garantizar el acceso a una alimentaci\u00f3n adecuada para toda la comunidad bonaerense.<\/p>\n\n\n\n<p><\/p>\n\n\n\n<p>La 19\u00aa Asamblea Anual Ordinaria no solo cerr\u00f3 un ciclo de gesti\u00f3n con un contundente aval, sino que tambi\u00e9n revitaliz\u00f3 el compromiso del Colegio con sus matriculados y con el bienestar nutricional de la poblaci\u00f3n de la provincia, marcando un hito en la expansi\u00f3n y ordenamiento de su patrimonio.<\/p>\n","protected":false},"excerpt":{"rendered":"<p>El encuentro reuni\u00f3 a colegas de todas las regiones, marcando una jornada de participaci\u00f3n activa y construcci\u00f3n colectiva, destacando su<\/p>\n","protected":false},"author":6,"featured_media":189314,"comment_status":"closed","ping_status":"closed","sticky":false,"template":"","format":"standard","meta":{"_jetpack_memberships_contains_paid_content":false,"footnotes":""},"categories":[6,1],"tags":[],"class_list":["post-189310","post","type-post","status-publish","format-standard","has-post-thumbnail","hentry","category-nacionales","category-portada"],"jetpack_featured_media_url":"https:\/\/i0.wp.com\/cdnoticias.com\/wp-content\/uploads\/2025\/12\/colegio-nutricionistas.jpg?fit=880%2C525&ssl=1","jetpack_sharing_enabled":true,"_links":{"self":[{"href":"https:\/\/cdnoticias.com\/index.php\/wp-json\/wp\/v2\/posts\/189310","targetHints":{"allow":["GET"]}}],"collection":[{"href":"https:\/\/cdnoticias.com\/index.php\/wp-json\/wp\/v2\/posts"}],"about":[{"href":"https:\/\/cdnoticias.com\/index.php\/wp-json\/wp\/v2\/types\/post"}],"author":[{"embeddable":true,"href":"https:\/\/cdnoticias.com\/index.php\/wp-json\/wp\/v2\/users\/6"}],"replies":[{"embeddable":true,"href":"https:\/\/cdnoticias.com\/index.php\/wp-json\/wp\/v2\/comments?post=189310"}],"version-history":[{"count":0,"href":"https:\/\/cdnoticias.com\/index.php\/wp-json\/wp\/v2\/posts\/189310\/revisions"}],"wp:featuredmedia":[{"embeddable":true,"href":"https:\/\/cdnoticias.com\/index.php\/wp-json\/wp\/v2\/media\/189314"}],"wp:attachment":[{"href":"https:\/\/cdnoticias.com\/index.php\/wp-json\/wp\/v2\/media?parent=189310"}],"wp:term":[{"taxonomy":"category","embeddable":true,"href":"https:\/\/cdnoticias.com\/index.php\/wp-json\/wp\/v2\/categories?post=189310"},{"taxonomy":"post_tag","embeddable":true,"href":"https:\/\/cdnoticias.com\/index.php\/wp-json\/wp\/v2\/tags?post=189310"}],"curies":[{"name":"wp","href":"https:\/\/api.w.org\/{rel}","templated":true}]}}