{"id":189303,"date":"2025-12-02T16:37:25","date_gmt":"2025-12-02T19:37:25","guid":{"rendered":"https:\/\/cdnoticias.com\/?p=189303"},"modified":"2025-12-02T16:37:27","modified_gmt":"2025-12-02T19:37:27","slug":"ana-clorinda-bais-viuda-de-bonavetti-anita-q-e-p-d","status":"publish","type":"post","link":"https:\/\/cdnoticias.com\/index.php\/2025\/12\/02\/ana-clorinda-bais-viuda-de-bonavetti-anita-q-e-p-d\/","title":{"rendered":"Ana Clorinda Bais viuda de Bonavetti \u201cAnita\u201d (Q.E.P.D.)"},"content":{"rendered":"\n<p>Falleci\u00f3 en Olavarr\u00eda el 2 de diciembre de 2025 a los 91 a\u00f1os.<\/p>\n\n\n\n<p>Su hijo: Walter Jose Bonavetti. Su hija del coraz\u00f3n: Alicia Gomez. Su hija pol\u00edtica: Mar\u00eda Laura Valeiras. Sus nietos: Carolina y Sebastian Bonavetti. Sus nietos pol\u00edticos: Diego Leal y Daniela Monjes. Sus bisnietos: Ivan y Sofia Leal Bonavetti; Lucia y Tomas Bonavetti; Lola y dem\u00e1s deudos participan de su fallecimiento.<\/p>\n\n\n\n<p>Velatorio: Espa\u00f1a 2942, Departamento &#8220;B&#8221;. Comienza a las 17 horas y finaliza a las 20 horas. Responso: Capilla Ardiente. Inhumaci\u00f3n: Crematorio Pinos de Paz, jueves 4 de diciembre a las 8:30 horas. Servicio adherido a Coopelectric.&nbsp;<\/p>\n\n\n\n<p>Barrio en el que viv\u00eda: Sarmiento.<\/p>\n\n\n\n<p>Lugar de nacimiento: Olavarria.<\/p>\n\n\n\n<p>Actividad que desarrollaba: Jubilada y Pensionada.<\/p>\n","protected":false},"excerpt":{"rendered":"<p>Falleci\u00f3 en Olavarr\u00eda el 2 de diciembre de 2025 a los 91 a\u00f1os. Su hijo: Walter Jose Bonavetti. Su hija<\/p>\n","protected":false},"author":6,"featured_media":100390,"comment_status":"closed","ping_status":"closed","sticky":false,"template":"","format":"standard","meta":{"_jetpack_memberships_contains_paid_content":false,"footnotes":""},"categories":[10],"tags":[],"class_list":["post-189303","post","type-post","status-publish","format-standard","has-post-thumbnail","hentry","category-necrologicas"],"jetpack_featured_media_url":"https:\/\/i0.wp.com\/cdnoticias.com\/wp-content\/uploads\/2023\/10\/necrologicas-390-x-240.jpg?fit=390%2C240&ssl=1","jetpack_sharing_enabled":true,"_links":{"self":[{"href":"https:\/\/cdnoticias.com\/index.php\/wp-json\/wp\/v2\/posts\/189303","targetHints":{"allow":["GET"]}}],"collection":[{"href":"https:\/\/cdnoticias.com\/index.php\/wp-json\/wp\/v2\/posts"}],"about":[{"href":"https:\/\/cdnoticias.com\/index.php\/wp-json\/wp\/v2\/types\/post"}],"author":[{"embeddable":true,"href":"https:\/\/cdnoticias.com\/index.php\/wp-json\/wp\/v2\/users\/6"}],"replies":[{"embeddable":true,"href":"https:\/\/cdnoticias.com\/index.php\/wp-json\/wp\/v2\/comments?post=189303"}],"version-history":[{"count":0,"href":"https:\/\/cdnoticias.com\/index.php\/wp-json\/wp\/v2\/posts\/189303\/revisions"}],"wp:featuredmedia":[{"embeddable":true,"href":"https:\/\/cdnoticias.com\/index.php\/wp-json\/wp\/v2\/media\/100390"}],"wp:attachment":[{"href":"https:\/\/cdnoticias.com\/index.php\/wp-json\/wp\/v2\/media?parent=189303"}],"wp:term":[{"taxonomy":"category","embeddable":true,"href":"https:\/\/cdnoticias.com\/index.php\/wp-json\/wp\/v2\/categories?post=189303"},{"taxonomy":"post_tag","embeddable":true,"href":"https:\/\/cdnoticias.com\/index.php\/wp-json\/wp\/v2\/tags?post=189303"}],"curies":[{"name":"wp","href":"https:\/\/api.w.org\/{rel}","templated":true}]}}