{"id":189295,"date":"2025-12-02T16:30:12","date_gmt":"2025-12-02T19:30:12","guid":{"rendered":"https:\/\/cdnoticias.com\/?p=189295"},"modified":"2025-12-02T19:45:39","modified_gmt":"2025-12-02T22:45:39","slug":"dos-oferentes-para-las-obras-de-la-escuela-secundaria-no-2-de-sierras-bayas","status":"publish","type":"post","link":"https:\/\/cdnoticias.com\/index.php\/2025\/12\/02\/dos-oferentes-para-las-obras-de-la-escuela-secundaria-no-2-de-sierras-bayas\/","title":{"rendered":"Dos oferentes para las obras de la Escuela Secundaria N\u00ba 2 de Sierras Bayas"},"content":{"rendered":"\n<p>El presupuesto oficial fijado por el Municipio asciende a la suma de $170.780.000.<\/p>\n\n\n\n<hr class=\"wp-block-separator aligncenter has-alpha-channel-opacity\"\/>\n\n\n\n<p>Este martes se llev\u00f3 a cabo la<strong> apertura de la Licitaci\u00f3n P\u00fablica<\/strong> N\u00ba 28\/25 para la <strong>obra de recambio de techos <\/strong>de la<strong> Escuela Secundaria N\u00b0 2 de Sierras Bayas.<\/strong><\/p>\n\n\n\n<p><\/p>\n\n\n\n<p>El proyecto de obra, elaborado desde la Secretar\u00eda de Obras, Infraestructura y Servicios P\u00fablicos, contempla la realizaci\u00f3n de <strong>diversos trabajos de demolici\u00f3n, arreglos y construcciones<\/strong>, los cuales surgen tanto del diagn\u00f3stico y estudio realizado desde dicha \u00e1rea, como as\u00ed tambi\u00e9n de las necesidades planteadas desde el establecimiento educativo.<\/p>\n\n\n\n<p><\/p>\n\n\n\n<blockquote class=\"wp-block-quote is-layout-flow wp-block-quote-is-layout-flow\">\n<p>Entre los trabajos incluidos en el proyecto se destaca la renovaci\u00f3n del techo del Sal\u00f3n de Usos M\u00faltiples, ba\u00f1os y sector de aulas y biblioteca, donde se implementar\u00e1 un techo de chapa con estructura de vigas met\u00e1licas y columnas de hormig\u00f3n armado. La obra incluye adem\u00e1s la instalaci\u00f3n el\u00e9ctrica de ba\u00f1os, aulas, SUM y biblioteca, como as\u00ed tambi\u00e9n la provisi\u00f3n y colocaci\u00f3n de carpinter\u00edas de aluminio y trabajos de pintura.<\/p>\n<\/blockquote>\n\n\n\n<p><\/p>\n\n\n\n<p><em>&#8220;A la par se construir\u00e1 una escalera de hormig\u00f3n armado con barandas met\u00e1licas, se colocar\u00e1n cielorrasos en ba\u00f1os, aulas y biblioteca, y se reubicar\u00e1 el tanque de agua de la escuela. Se trata de una nueva obra de infraestructura educativa, la cual no solo ratifica el compromiso de la gesti\u00f3n en materia de acompa\u00f1amiento y puesta en valor de la educaci\u00f3n p\u00fablica, sino tambi\u00e9n de la articulaci\u00f3n y vinculaci\u00f3n permanente con las escuelas de todo el Partido de Olavarr\u00eda<\/em>&#8221; se\u00f1alaron desde el \u00e1rea. <\/p>\n\n\n\n<p><\/p>\n\n\n\n<p>A continuaci\u00f3n se detallan las<strong> ofertas presentadas<\/strong> por parte de las empresas proponentes:<\/p>\n\n\n\n<ul class=\"wp-block-list\">\n<li>Vilmey Arg SAS cotiz\u00f3 la suma de $152.500.000.<\/li>\n<\/ul>\n\n\n\n<ul class=\"wp-block-list\">\n<li>Pecma SRL cotiz\u00f3 la suma de $187.180.937,26.<\/li>\n<\/ul>\n\n\n\n<p><\/p>\n\n\n\n<p>La apertura cont\u00f3 con la presencia del secretario de Obras, Infraestructura y Servicios P\u00fablicos Orfel Fari\u00f1a, el director de Licitaciones Ezequiel Lorenzo y representantes de las empresas oferentes.<\/p>\n\n\n\n<p><\/p>\n\n\n\n<p>Cabe recordar que<strong> el presupuesto oficial fijado por el Municipio <\/strong>para las obras en la Escuela Secundaria N\u00ba 2 de Sierras Bayas <strong>asciende a la suma de $170.780.000.<\/strong><\/p>\n\n\n\n<p><\/p>\n","protected":false},"excerpt":{"rendered":"<p>El presupuesto oficial fijado por el Municipio asciende a la suma de $170.780.000. Este martes se llev\u00f3 a cabo la<\/p>\n","protected":false},"author":6,"featured_media":187247,"comment_status":"closed","ping_status":"closed","sticky":false,"template":"","format":"standard","meta":{"_jetpack_memberships_contains_paid_content":false,"footnotes":""},"categories":[5,1],"tags":[],"class_list":["post-189295","post","type-post","status-publish","format-standard","has-post-thumbnail","hentry","category-informacion-general","category-portada"],"jetpack_featured_media_url":"https:\/\/i0.wp.com\/cdnoticias.com\/wp-content\/uploads\/2025\/11\/wesner-escuela-imagen-generica.jpg?fit=900%2C598&ssl=1","jetpack_sharing_enabled":true,"_links":{"self":[{"href":"https:\/\/cdnoticias.com\/index.php\/wp-json\/wp\/v2\/posts\/189295","targetHints":{"allow":["GET"]}}],"collection":[{"href":"https:\/\/cdnoticias.com\/index.php\/wp-json\/wp\/v2\/posts"}],"about":[{"href":"https:\/\/cdnoticias.com\/index.php\/wp-json\/wp\/v2\/types\/post"}],"author":[{"embeddable":true,"href":"https:\/\/cdnoticias.com\/index.php\/wp-json\/wp\/v2\/users\/6"}],"replies":[{"embeddable":true,"href":"https:\/\/cdnoticias.com\/index.php\/wp-json\/wp\/v2\/comments?post=189295"}],"version-history":[{"count":0,"href":"https:\/\/cdnoticias.com\/index.php\/wp-json\/wp\/v2\/posts\/189295\/revisions"}],"wp:featuredmedia":[{"embeddable":true,"href":"https:\/\/cdnoticias.com\/index.php\/wp-json\/wp\/v2\/media\/187247"}],"wp:attachment":[{"href":"https:\/\/cdnoticias.com\/index.php\/wp-json\/wp\/v2\/media?parent=189295"}],"wp:term":[{"taxonomy":"category","embeddable":true,"href":"https:\/\/cdnoticias.com\/index.php\/wp-json\/wp\/v2\/categories?post=189295"},{"taxonomy":"post_tag","embeddable":true,"href":"https:\/\/cdnoticias.com\/index.php\/wp-json\/wp\/v2\/tags?post=189295"}],"curies":[{"name":"wp","href":"https:\/\/api.w.org\/{rel}","templated":true}]}}