{"id":189293,"date":"2025-12-02T13:04:30","date_gmt":"2025-12-02T16:04:30","guid":{"rendered":"https:\/\/cdnoticias.com\/?p=189293"},"modified":"2025-12-02T13:40:44","modified_gmt":"2025-12-02T16:40:44","slug":"el-domingo-gran-feria-navidena-en-colonia-nievas","status":"publish","type":"post","link":"https:\/\/cdnoticias.com\/index.php\/2025\/12\/02\/el-domingo-gran-feria-navidena-en-colonia-nievas\/","title":{"rendered":"El domingo, Gran Feria Navide\u00f1a en Colonia Nievas"},"content":{"rendered":"<p>Es la propuesta de Corrales de Nievas que comenzar\u00e1 a las 12 horas y sumar\u00e1 60 puestos de artesanos y emprendedores. Con patio de comidas y espect\u00e1culos.<!--more--><\/p>\n<hr \/>\n<p>El <strong>domingo 7 de diciembre<\/strong> se realizar\u00e1 la <strong>Gran Feria Navide\u00f1a Corrales de Nievas<\/strong>, una propuesta abierta a toda la comunidad.<\/p>\n<p><strong>A partir de las 12<\/strong>, la feria se desarrollar\u00e1 <strong>en la localidad de Colonia Nievas, frente a la Iglesia<\/strong>.<\/p>\n<p>Habr\u00e1<strong> artesanos y emprendedores<\/strong>, patio de comidas y espect\u00e1culos con entrada libre y gratuita.<\/p>\n<p>Se aclar\u00f3 que <em>en caso de mal tiempo, pasar\u00e1 al lunes 8 de diciembre.<\/em><\/p>\n","protected":false},"excerpt":{"rendered":"<p>Es la propuesta de Corrales de Nievas que comenzar\u00e1 a las 12 horas y sumar\u00e1 60 puestos de artesanos y<\/p>\n","protected":false},"author":4,"featured_media":71864,"comment_status":"closed","ping_status":"closed","sticky":false,"template":"","format":"standard","meta":{"_jetpack_memberships_contains_paid_content":false,"footnotes":""},"categories":[9,1],"tags":[],"class_list":["post-189293","post","type-post","status-publish","format-standard","has-post-thumbnail","hentry","category-cultura","category-portada"],"jetpack_featured_media_url":"https:\/\/i0.wp.com\/cdnoticias.com\/wp-content\/uploads\/2022\/12\/feria-navidena.jpg?fit=690%2C450&ssl=1","jetpack_sharing_enabled":true,"_links":{"self":[{"href":"https:\/\/cdnoticias.com\/index.php\/wp-json\/wp\/v2\/posts\/189293","targetHints":{"allow":["GET"]}}],"collection":[{"href":"https:\/\/cdnoticias.com\/index.php\/wp-json\/wp\/v2\/posts"}],"about":[{"href":"https:\/\/cdnoticias.com\/index.php\/wp-json\/wp\/v2\/types\/post"}],"author":[{"embeddable":true,"href":"https:\/\/cdnoticias.com\/index.php\/wp-json\/wp\/v2\/users\/4"}],"replies":[{"embeddable":true,"href":"https:\/\/cdnoticias.com\/index.php\/wp-json\/wp\/v2\/comments?post=189293"}],"version-history":[{"count":0,"href":"https:\/\/cdnoticias.com\/index.php\/wp-json\/wp\/v2\/posts\/189293\/revisions"}],"wp:featuredmedia":[{"embeddable":true,"href":"https:\/\/cdnoticias.com\/index.php\/wp-json\/wp\/v2\/media\/71864"}],"wp:attachment":[{"href":"https:\/\/cdnoticias.com\/index.php\/wp-json\/wp\/v2\/media?parent=189293"}],"wp:term":[{"taxonomy":"category","embeddable":true,"href":"https:\/\/cdnoticias.com\/index.php\/wp-json\/wp\/v2\/categories?post=189293"},{"taxonomy":"post_tag","embeddable":true,"href":"https:\/\/cdnoticias.com\/index.php\/wp-json\/wp\/v2\/tags?post=189293"}],"curies":[{"name":"wp","href":"https:\/\/api.w.org\/{rel}","templated":true}]}}