{"id":189280,"date":"2025-12-02T11:24:46","date_gmt":"2025-12-02T14:24:46","guid":{"rendered":"https:\/\/cdnoticias.com\/?p=189280"},"modified":"2025-12-02T16:04:23","modified_gmt":"2025-12-02T19:04:23","slug":"vecinos-de-pueblo-nuevo-denuncian-ruidos-molestos-en-el-barrio-nadie-duerme","status":"publish","type":"post","link":"https:\/\/cdnoticias.com\/index.php\/2025\/12\/02\/vecinos-de-pueblo-nuevo-denuncian-ruidos-molestos-en-el-barrio-nadie-duerme\/","title":{"rendered":"Vecinos de Pueblo Nuevo denuncian ruidos molestos: \u201cen el barrio nadie duerme\u201d"},"content":{"rendered":"\n<p>Es por un sal\u00f3n de eventos en Independencia al 2300. Aseguran que las fiestas se extienden hasta la madrugada. Piden controles y revisi\u00f3n de la habilitaci\u00f3n ac\u00fastica del lugar.<\/p>\n\n\n\n<hr class=\"wp-block-separator has-alpha-channel-opacity\"\/>\n\n\n\n<p><em>Imagen ilustrativa. <\/em><\/p>\n\n\n\n<p><\/p>\n\n\n\n<p><strong>Gustavo Guenzatti, vecino de Pueblo Nuevo,<\/strong> expuso la preocupaci\u00f3n de residentes del sector por los <strong>ruidos provenientes de un sal\u00f3n de eventos ubicado en calle Independencia al 2300. <\/strong>Seg\u00fan explic\u00f3 en di\u00e1logo con<strong> Levantate, por Radio Sapiens (FM 102.7),<\/strong> el local \u201ccomenz\u00f3 a funcionar hace aproximadamente cuatro meses\u201d y, desde entonces, <strong>las actividades se desarrollan &#8220;viernes, s\u00e1bados o domingos con m\u00fasica a alto volumen entre las 0.30 y las 5 de la ma\u00f1ana\u201d.<\/strong><\/p>\n\n\n\n<p><\/p>\n\n\n\n<p>Guenzatti se\u00f1al\u00f3 que l<strong>as familias del barrio \u201cno pueden dormir\u201d<\/strong> debido al \u201cgolpeteo de la bater\u00eda y de la m\u00fasica\u201d que se sostiene durante la madrugada. Indic\u00f3 adem\u00e1s que, pese a las denuncias realizadas y a las gestiones ante diferentes \u00e1reas municipales, \u201cnadie da respuesta\u201d y que el lugar opera \u201ccomo un boliche bailable\u201d, aunque cuente con habilitaci\u00f3n como sal\u00f3n de eventos.<\/p>\n\n\n\n<p><\/p>\n\n\n\n<blockquote class=\"wp-block-quote is-layout-flow wp-block-quote-is-layout-flow\">\n<p>\u201cEn el barrio nadie duerme, nadie descansa. No queda ning\u00fan vecino durmiendo tranquilo. Yo plante\u00e9 eso y me dijeron \u2018bueno, pero ya est\u00e1 habilitado, hasta que no se vence la habilitaci\u00f3n, no podemos hacer nada\u2019\u201d, afirm\u00f3 Guenzatti. <\/p>\n<\/blockquote>\n\n\n\n<p><\/p>\n\n\n\n<p>El vecino relat\u00f3 que en una reciente despedida de estudiantes secundarios participaron unas 500 personas, \u201cmuchos alcoholizados\u201d y que<strong> \u201cyo llam\u00e9 a Control Urbano, nunca vinieron. Y si vienen ponen la m\u00fasica un poquito m\u00e1s bajita y a los 10 minutos est\u00e1 todo igual\u201d.<\/strong><\/p>\n\n\n\n<p><\/p>\n\n\n\n<p>Asimismo, cuestion\u00f3 la<strong> falta de controles ac\u00fasticos al momento de otorgar la habilitaci\u00f3n.<\/strong> Dijo haber planteado el tema ante la<strong> Direcci\u00f3n de Habilitaciones<\/strong> <strong>sin obtener respuestas<\/strong> que permitan avanzar hacia una soluci\u00f3n.<\/p>\n\n\n\n<p><\/p>\n\n\n\n<p>Tambi\u00e9n indic\u00f3 que <strong>\u201clo fui a ver al concejal Pethes,<\/strong> me entendi\u00f3 bi\u00e9n, se preocup\u00f3, pero tambi\u00e9n le dijeron lo mismo que a m\u00ed, o sea que evidentemente tenemos que vivir con esto y no es lo normal\u201d.<\/p>\n\n\n\n<p><\/p>\n\n\n\n<p>Se\u00f1al\u00f3 que <strong>el sonido tambi\u00e9n afecta a edificios aleda\u00f1os,<\/strong> como el de San Antonio, donde \u201clas ventanas vibran por la m\u00fasica\u201d.<\/p>\n\n\n\n<p><\/p>\n\n\n\n<p>El vecino afirm\u00f3 que <strong>incluso en fiestas electr\u00f3nicas el funcionamiento se extendi\u00f3 hasta las 7 de la ma\u00f1ana<\/strong> y relat\u00f3 que <strong>no han mantenido di\u00e1logo con los propietarios del lugar.<\/strong> \u201cPor m\u00e1s que vos hables con los due\u00f1os, te van a decir: \u2018estamos habilitados\u2019. Y listo, te la hacen cortita, no tiene vuelta en ese aspecto\u201d, concluy\u00f3. <\/p>\n","protected":false},"excerpt":{"rendered":"<p>Es por un sal\u00f3n de eventos en Independencia al 2300. Aseguran que las fiestas se extienden hasta la madrugada. Piden<\/p>\n","protected":false},"author":5,"featured_media":62480,"comment_status":"closed","ping_status":"closed","sticky":false,"template":"","format":"standard","meta":{"_jetpack_memberships_contains_paid_content":false,"footnotes":""},"categories":[5,1],"tags":[],"class_list":["post-189280","post","type-post","status-publish","format-standard","has-post-thumbnail","hentry","category-informacion-general","category-portada"],"jetpack_featured_media_url":"https:\/\/i0.wp.com\/cdnoticias.com\/wp-content\/uploads\/2022\/08\/medicion-de-decibeles-00.jpg?fit=800%2C445&ssl=1","jetpack_sharing_enabled":true,"_links":{"self":[{"href":"https:\/\/cdnoticias.com\/index.php\/wp-json\/wp\/v2\/posts\/189280","targetHints":{"allow":["GET"]}}],"collection":[{"href":"https:\/\/cdnoticias.com\/index.php\/wp-json\/wp\/v2\/posts"}],"about":[{"href":"https:\/\/cdnoticias.com\/index.php\/wp-json\/wp\/v2\/types\/post"}],"author":[{"embeddable":true,"href":"https:\/\/cdnoticias.com\/index.php\/wp-json\/wp\/v2\/users\/5"}],"replies":[{"embeddable":true,"href":"https:\/\/cdnoticias.com\/index.php\/wp-json\/wp\/v2\/comments?post=189280"}],"version-history":[{"count":0,"href":"https:\/\/cdnoticias.com\/index.php\/wp-json\/wp\/v2\/posts\/189280\/revisions"}],"wp:featuredmedia":[{"embeddable":true,"href":"https:\/\/cdnoticias.com\/index.php\/wp-json\/wp\/v2\/media\/62480"}],"wp:attachment":[{"href":"https:\/\/cdnoticias.com\/index.php\/wp-json\/wp\/v2\/media?parent=189280"}],"wp:term":[{"taxonomy":"category","embeddable":true,"href":"https:\/\/cdnoticias.com\/index.php\/wp-json\/wp\/v2\/categories?post=189280"},{"taxonomy":"post_tag","embeddable":true,"href":"https:\/\/cdnoticias.com\/index.php\/wp-json\/wp\/v2\/tags?post=189280"}],"curies":[{"name":"wp","href":"https:\/\/api.w.org\/{rel}","templated":true}]}}