{"id":189252,"date":"2025-12-01T19:38:43","date_gmt":"2025-12-01T22:38:43","guid":{"rendered":"https:\/\/cdnoticias.com\/?p=189252"},"modified":"2025-12-01T19:38:45","modified_gmt":"2025-12-01T22:38:45","slug":"el-foro-de-seguridad-rural-reconocio-a-efectivos-de-patrulla-rural-por-un-rescate-en-plena-inundacion","status":"publish","type":"post","link":"https:\/\/cdnoticias.com\/index.php\/2025\/12\/01\/el-foro-de-seguridad-rural-reconocio-a-efectivos-de-patrulla-rural-por-un-rescate-en-plena-inundacion\/","title":{"rendered":"El Foro de Seguridad Rural reconoci\u00f3 a efectivos de Patrulla Rural por un rescate en plena inundaci\u00f3n"},"content":{"rendered":"\n<p>La distinci\u00f3n valor\u00f3 la vocaci\u00f3n y el compromiso del personal. El hecho ocurri\u00f3 cuando una productora y su madre quedaron atrapadas tras un despiste en un camino rural.<\/p>\n\n\n\n<hr class=\"wp-block-separator aligncenter has-alpha-channel-opacity\"\/>\n\n\n\n<p>El <strong>Foro de Seguridad Rural Argentino realiz\u00f3 este martes un reconocimiento al personal de Patrulla Rural <\/strong>por su vocaci\u00f3n de servicio y compromiso con los productores. La distinci\u00f3n se vincula a un episodio ocurrido durante la \u00faltima inundaci\u00f3n, <strong>cuando la productora rural Cecilia Alvano, de la zona de Blanca Chica, sufri\u00f3 un accidente junto a su madre.<\/strong><\/p>\n\n\n\n<p>Seg\u00fan lo informado, <strong>ambas transitaban un camino rural al momento del temporal cuando la camioneta en la que viajaban se despist\u00f3 y qued\u00f3 con el interior completamente anegado<\/strong>. Tras dar aviso a los servicios de emergencia, tres efectivos de Patrulla Rural llegaron al lugar y concretaron el rescate.<\/p>\n\n\n\n<p>Desde el Foro de Seguridad Rural Argentino hicieron llegar sus <strong>felicitaciones al accionar del personal involucrado y destacaron la importancia de su tarea en zonas afectadas por las inclemencias clim\u00e1ticas.<\/strong><\/p>\n","protected":false},"excerpt":{"rendered":"<p>La distinci\u00f3n valor\u00f3 la vocaci\u00f3n y el compromiso del personal. El hecho ocurri\u00f3 cuando una productora y su madre quedaron<\/p>\n","protected":false},"author":2,"featured_media":189253,"comment_status":"closed","ping_status":"closed","sticky":false,"template":"","format":"standard","meta":{"_jetpack_memberships_contains_paid_content":false,"footnotes":""},"categories":[14,1],"tags":[],"class_list":["post-189252","post","type-post","status-publish","format-standard","has-post-thumbnail","hentry","category-policiales","category-portada"],"jetpack_featured_media_url":"https:\/\/i0.wp.com\/cdnoticias.com\/wp-content\/uploads\/2025\/12\/WhatsApp-Image-2025-12-01-at-19.24.40-e1764628639804.jpeg?fit=1278%2C777&ssl=1","jetpack_sharing_enabled":true,"_links":{"self":[{"href":"https:\/\/cdnoticias.com\/index.php\/wp-json\/wp\/v2\/posts\/189252","targetHints":{"allow":["GET"]}}],"collection":[{"href":"https:\/\/cdnoticias.com\/index.php\/wp-json\/wp\/v2\/posts"}],"about":[{"href":"https:\/\/cdnoticias.com\/index.php\/wp-json\/wp\/v2\/types\/post"}],"author":[{"embeddable":true,"href":"https:\/\/cdnoticias.com\/index.php\/wp-json\/wp\/v2\/users\/2"}],"replies":[{"embeddable":true,"href":"https:\/\/cdnoticias.com\/index.php\/wp-json\/wp\/v2\/comments?post=189252"}],"version-history":[{"count":0,"href":"https:\/\/cdnoticias.com\/index.php\/wp-json\/wp\/v2\/posts\/189252\/revisions"}],"wp:featuredmedia":[{"embeddable":true,"href":"https:\/\/cdnoticias.com\/index.php\/wp-json\/wp\/v2\/media\/189253"}],"wp:attachment":[{"href":"https:\/\/cdnoticias.com\/index.php\/wp-json\/wp\/v2\/media?parent=189252"}],"wp:term":[{"taxonomy":"category","embeddable":true,"href":"https:\/\/cdnoticias.com\/index.php\/wp-json\/wp\/v2\/categories?post=189252"},{"taxonomy":"post_tag","embeddable":true,"href":"https:\/\/cdnoticias.com\/index.php\/wp-json\/wp\/v2\/tags?post=189252"}],"curies":[{"name":"wp","href":"https:\/\/api.w.org\/{rel}","templated":true}]}}