{"id":189219,"date":"2025-12-02T17:00:37","date_gmt":"2025-12-02T20:00:37","guid":{"rendered":"https:\/\/cdnoticias.com\/?p=189219"},"modified":"2025-12-02T17:00:39","modified_gmt":"2025-12-02T20:00:39","slug":"gran-capacitacion-para-la-escuela-de-karate-shotokan-jks-olavarria","status":"publish","type":"post","link":"https:\/\/cdnoticias.com\/index.php\/2025\/12\/02\/gran-capacitacion-para-la-escuela-de-karate-shotokan-jks-olavarria\/","title":{"rendered":"Gran capacitaci\u00f3n para la Escuela de Karate Shotokan JKS Olavarr\u00eda"},"content":{"rendered":"\n<p>Participaron representantes de la Escuela en un importante \u201cCurso Regional de Tandil&#8221;. Durante los dos d\u00edas se vieron t\u00e9cnicas de diferentes katas y kumites, y tambi\u00e9n se abord\u00f3 la importancia de la anatom\u00eda del cuerpo humano y sus movimientos para la ejecuci\u00f3n de cada t\u00e9cnica.\u00a0<\/p>\n\n\n\n<hr class=\"wp-block-separator aligncenter has-alpha-channel-opacity\"\/>\n\n\n\n<p>Este fin de semana, una <strong>delegaci\u00f3n de la Escuela de Karate Shotokan JKS Olavarr\u00eda,<\/strong> particip\u00f3 en un<strong> importante curso en la ciudad de Tandil<\/strong> bajo la gu\u00eda de los Senseis: Daniel Maehamasaki, principal representante de la JKS en Argentina y Oscar Carabajal, director de la Federaci\u00f3n.<\/p>\n\n\n\n<p><\/p>\n\n\n\n<blockquote class=\"wp-block-quote is-layout-flow wp-block-quote-is-layout-flow\">\n<p>La delegaci\u00f3n, a cargo del Sensei Fabio Gonz\u00e1lez, estuvo compuesta por: Hugo Gauna, Fernando G\u00f3mez, Cristian Castro, Maximiliano Lardapide, Roberto Zauli y Maximiliano Cooper Pondarr\u00e9.<\/p>\n<\/blockquote>\n\n\n\n<p><\/p>\n\n\n\n<p>Durante los dos d\u00edas se vieron<strong> t\u00e9cnicas de diferentes katas y kumites, <\/strong>y tambi\u00e9n se abord\u00f3 la<strong> importancia de la anatom\u00eda del cuerpo humano y sus movimientos <\/strong>para la ejecuci\u00f3n de cada t\u00e9cnica.\u00a0<\/p>\n\n\n\n<p><\/p>\n\n\n\n<figure class=\"wp-block-image aligncenter size-full\"><img data-recalc-dims=\"1\" loading=\"lazy\" decoding=\"async\" width=\"800\" height=\"432\" src=\"https:\/\/i0.wp.com\/cdnoticias.com\/wp-content\/uploads\/2025\/12\/escuela-karate.jpg?resize=800%2C432&#038;ssl=1\" alt=\"\" class=\"wp-image-189222\" srcset=\"https:\/\/i0.wp.com\/cdnoticias.com\/wp-content\/uploads\/2025\/12\/escuela-karate.jpg?w=900&amp;ssl=1 900w, https:\/\/i0.wp.com\/cdnoticias.com\/wp-content\/uploads\/2025\/12\/escuela-karate.jpg?resize=300%2C162&amp;ssl=1 300w, https:\/\/i0.wp.com\/cdnoticias.com\/wp-content\/uploads\/2025\/12\/escuela-karate.jpg?resize=768%2C415&amp;ssl=1 768w\" sizes=\"auto, (max-width: 800px) 100vw, 800px\" \/><\/figure>\n\n\n\n<p><\/p>\n\n\n\n<p>Asimismo, los Senseis que dictaron el curso transmitieron a sus estudiantes <strong>valiosos principios del karate <\/strong>aplicables a la vida. Las actividades tambi\u00e9n incluyeron una agradable cena de camarader\u00eda el s\u00e1bado por la noche en un restaurante c\u00e9ntrico.\u00a0<\/p>\n\n\n\n<p><\/p>\n\n\n\n<p>El domingo, se procedi\u00f3 a la <strong>entrega de menciones especiales a los alumnos m\u00e1s destacados y a los karatecas que integran la Selecci\u00f3n Nacional.<\/strong>\u00a0 La delegaci\u00f3n olavarriense regres\u00f3 con valiosas ense\u00f1anzas t\u00e9cnicas y humanas, ratificando el \u00e9xito y la camarader\u00eda de este encuentro.\u00a0<\/p>\n\n\n\n<p><\/p>\n\n\n\n<p>Por \u00faltimo, desde la Escuela se\u00f1alaron que &#8220;<em>el curso en Tandil result\u00f3 una experiencia formativa altamente positiva y enriquecedora para todos sus integrantes&#8221;. <\/em><\/p>\n\n\n\n<p><\/p>\n","protected":false},"excerpt":{"rendered":"<p>Participaron representantes de la Escuela en un importante \u201cCurso Regional de Tandil&#8221;. Durante los dos d\u00edas se vieron t\u00e9cnicas de<\/p>\n","protected":false},"author":6,"featured_media":189221,"comment_status":"closed","ping_status":"closed","sticky":false,"template":"","format":"standard","meta":{"_jetpack_memberships_contains_paid_content":false,"footnotes":""},"categories":[29,1],"tags":[],"class_list":["post-189219","post","type-post","status-publish","format-standard","has-post-thumbnail","hentry","category-deportes","category-portada"],"jetpack_featured_media_url":"https:\/\/i0.wp.com\/cdnoticias.com\/wp-content\/uploads\/2025\/12\/escuela-karate1.jpg?fit=900%2C570&ssl=1","jetpack_sharing_enabled":true,"_links":{"self":[{"href":"https:\/\/cdnoticias.com\/index.php\/wp-json\/wp\/v2\/posts\/189219","targetHints":{"allow":["GET"]}}],"collection":[{"href":"https:\/\/cdnoticias.com\/index.php\/wp-json\/wp\/v2\/posts"}],"about":[{"href":"https:\/\/cdnoticias.com\/index.php\/wp-json\/wp\/v2\/types\/post"}],"author":[{"embeddable":true,"href":"https:\/\/cdnoticias.com\/index.php\/wp-json\/wp\/v2\/users\/6"}],"replies":[{"embeddable":true,"href":"https:\/\/cdnoticias.com\/index.php\/wp-json\/wp\/v2\/comments?post=189219"}],"version-history":[{"count":0,"href":"https:\/\/cdnoticias.com\/index.php\/wp-json\/wp\/v2\/posts\/189219\/revisions"}],"wp:featuredmedia":[{"embeddable":true,"href":"https:\/\/cdnoticias.com\/index.php\/wp-json\/wp\/v2\/media\/189221"}],"wp:attachment":[{"href":"https:\/\/cdnoticias.com\/index.php\/wp-json\/wp\/v2\/media?parent=189219"}],"wp:term":[{"taxonomy":"category","embeddable":true,"href":"https:\/\/cdnoticias.com\/index.php\/wp-json\/wp\/v2\/categories?post=189219"},{"taxonomy":"post_tag","embeddable":true,"href":"https:\/\/cdnoticias.com\/index.php\/wp-json\/wp\/v2\/tags?post=189219"}],"curies":[{"name":"wp","href":"https:\/\/api.w.org\/{rel}","templated":true}]}}