{"id":189203,"date":"2025-12-01T20:27:14","date_gmt":"2025-12-01T23:27:14","guid":{"rendered":"https:\/\/cdnoticias.com\/?p=189203"},"modified":"2025-12-01T20:27:16","modified_gmt":"2025-12-01T23:27:16","slug":"la-region-sanitaria-ix-anuncio-el-dictado-de-especialidades-en-salud-desde-2026","status":"publish","type":"post","link":"https:\/\/cdnoticias.com\/index.php\/2025\/12\/01\/la-region-sanitaria-ix-anuncio-el-dictado-de-especialidades-en-salud-desde-2026\/","title":{"rendered":"La Regi\u00f3n Sanitaria IX anunci\u00f3 el dictado de especialidades en Salud desde 2026"},"content":{"rendered":"<p>Se trata de las tecnicaturas superiores en Laboratorio, en Estad\u00edsticas de Salud y en Enfermer\u00eda, y los post\u00edtulos en Producci\u00f3n P\u00fablica de Medicamentos y en Cuidados Quir\u00fargicos. \u201cEstas son carreras abiertas a la comunidad\u201d se destac\u00f3.<!--more--><\/p>\n<hr \/>\n<p>Desde la <strong>Regi\u00f3n Sanitaria IX, con sede en Azul<\/strong>, se anunciaron las <strong>cinco carreras -tres tecnicaturas y dos post\u00edtulos-<\/strong> que se dictar\u00e1n en el<strong> ciclo lectivo del pr\u00f3ximo a\u00f1o<\/strong> en la vecina ciudad.\u00a0As\u00ed lo confirmaron a El Tiempo el <strong>director ejecutivo de la Regi\u00f3n Sanitaria IX, Ramiro Borzi<\/strong>, y el <strong>responsable regional de Capacitaci\u00f3n de la RSIX, Sergio Moreno<\/strong>.<\/p>\n<blockquote><p>\u201cEs un n\u00famero m\u00e1s que interesante de carreras para el a\u00f1o pr\u00f3ximo. Enfermer\u00eda se dicta desde hace muchos a\u00f1os, pero hubo una discontinuidad con la pandemia. La particularidad es que, en esta oportunidad, sumamos otras tecnicaturas\u201d, destac\u00f3 Borzi. Por su parte, Moreno indic\u00f3 que \u201cson carreras abiertas a la comunidad, es una oferta educativa que se suma en Azul y la regi\u00f3n\u201d.<\/p><\/blockquote>\n<p>En efecto, la oferta educativa desde la Regi\u00f3n Sanitaria IX para el ciclo lectivo 2026 incluye, en el marco del <strong>&#8220;Polit\u00e9cnico en Salud&#8221;, las siguientes carreras:<\/strong><\/p>\n<ul>\n<li>Tecnicatura Superior en Laboratorio (carrera de nivel superior, de 3 a\u00f1os de duraci\u00f3n).<\/li>\n<li>Tecnicatura de Estad\u00edsticas de Salud (carrera superior; duraci\u00f3n 3 a\u00f1os).<\/li>\n<li>Producci\u00f3n P\u00fablica de Medicamentos (post\u00edtulo, de 10 meses de duraci\u00f3n).<\/li>\n<\/ul>\n<p>Por otro lado, encuadradas en el <strong>&#8220;Programa Provincial de Enfermer\u00eda&#8221;, se incluyen dos propuestas educativas:<\/strong><\/p>\n<ul>\n<li>Tecnicatura Superior en Enfermer\u00eda (carrera superior; duraci\u00f3n 3 a\u00f1os).<\/li>\n<li>Cuidados Quir\u00fargicos, Anestesia y Tratamiento del Dolor (post\u00edtulo; duraci\u00f3n 10 meses).<\/li>\n<\/ul>\n<p><img data-recalc-dims=\"1\" loading=\"lazy\" decoding=\"async\" class=\"alignnone size-full wp-image-189204 aligncenter\" src=\"https:\/\/i0.wp.com\/cdnoticias.com\/wp-content\/uploads\/2025\/12\/region-sanitaria-novena-borzi-moreno.jpg?resize=800%2C450&#038;ssl=1\" alt=\"\" width=\"800\" height=\"450\" srcset=\"https:\/\/i0.wp.com\/cdnoticias.com\/wp-content\/uploads\/2025\/12\/region-sanitaria-novena-borzi-moreno.jpg?w=955&amp;ssl=1 955w, https:\/\/i0.wp.com\/cdnoticias.com\/wp-content\/uploads\/2025\/12\/region-sanitaria-novena-borzi-moreno.jpg?resize=300%2C169&amp;ssl=1 300w, https:\/\/i0.wp.com\/cdnoticias.com\/wp-content\/uploads\/2025\/12\/region-sanitaria-novena-borzi-moreno.jpg?resize=768%2C432&amp;ssl=1 768w\" sizes=\"auto, (max-width: 800px) 100vw, 800px\" \/><\/p>\n<h3>Inscripci\u00f3n<\/h3>\n<p>En cuanto a los <strong>requisitos<\/strong> para las carreras de la Regi\u00f3n Sanitaria IX, en el caso de las tecnicaturas, es <strong>tener el secundario completo<\/strong>. Durante diciembre se realiza una <strong>preinscripci\u00f3n a trav\u00e9s de la p\u00e1gina web: https:\/\/www.ms.gba.gov.ar\/sitios\/capacitacion\/<\/strong><\/p>\n<p>La fecha para la preinscripci\u00f3n no ha sido establecida y oportunamente se informar\u00e1 desde la RS IX.<\/p>\n<p>Luego del registro a trav\u00e9s de la p\u00e1gina web, <strong>la presentaci\u00f3n de la documentaci\u00f3n se har\u00e1 de forma presencial en la Regi\u00f3n Sanitaria IX<\/strong> -calles Arenales y Bol\u00edvar de Azul-, de lunes a viernes. Ello ocurrir\u00e1 en febrero y, tambi\u00e9n en este caso, se informar\u00e1 a la comunidad en tiempo y forma.<\/p>\n<h3>Cursadas<\/h3>\n<p><strong>&#8220;Uno de los post\u00edtulos es para enfermeros y el otro para t\u00e9cnicos qu\u00edmicos y t\u00e9cnicos en laboratorio<\/strong>. Para el caso de <strong>los post\u00edtulos que se dictar\u00e1n en 2026 es necesario tener una carrera de grado<\/strong>, ya sean t\u00e9cnicos o licenciados. Esos t\u00edtulos habilitan para <strong>cursar los posgrados, que ser\u00e1n de diez meses<\/strong>. Es la especializaci\u00f3n de una rama&#8221;, explic\u00f3 Moreno y a\u00f1adi\u00f3: <strong>&#8220;El de cuidados quir\u00fargicos es para enfermeros y el de producci\u00f3n de medicamentos es para t\u00e9cnicos qu\u00edmicos y t\u00e9cnicos en laboratorio&#8221;<\/strong>.<\/p>\n<p>Borzi subray\u00f3, en cuanto a las carreras para el 2026, que <strong>&#8220;esto es de acceso universal, p\u00fablico y gratuito&#8221;<\/strong>. Moreno agreg\u00f3 que <strong>&#8220;nuestro objetivo es mejorar la calidad de los servicios de salud<\/strong>, entre los cuales tambi\u00e9n est\u00e1n los privados. Pero la prioridad, al capacitar, al formar, es <strong>dar herramientas para que esa fuerza laboral tenga mejores recursos<\/strong>. Adem\u00e1s, al ser <strong>gratuitas<\/strong> estas carreras -tecnicaturas y post\u00edtulos-, est\u00e1n al alcance de la gente de la comunidad que est\u00e9 pensando en desarrollarse. Si bien no es el cien por cien la garant\u00eda de ingreso laboral, <strong>hay necesidad de esas especializaciones en toda la regi\u00f3n\u201d<\/strong>.<\/p>\n<p>Los<strong> t\u00edtulos<\/strong> que se otorgan tienen <strong>validez nacional<\/strong>.<\/p>\n<p><img data-recalc-dims=\"1\" loading=\"lazy\" decoding=\"async\" class=\"alignnone size-full wp-image-189206 aligncenter\" src=\"https:\/\/i0.wp.com\/cdnoticias.com\/wp-content\/uploads\/2025\/12\/tecnicatura-en-salud-zoonosis-rurales.jpg?resize=800%2C450&#038;ssl=1\" alt=\"\" width=\"800\" height=\"450\" srcset=\"https:\/\/i0.wp.com\/cdnoticias.com\/wp-content\/uploads\/2025\/12\/tecnicatura-en-salud-zoonosis-rurales.jpg?w=800&amp;ssl=1 800w, https:\/\/i0.wp.com\/cdnoticias.com\/wp-content\/uploads\/2025\/12\/tecnicatura-en-salud-zoonosis-rurales.jpg?resize=300%2C169&amp;ssl=1 300w, https:\/\/i0.wp.com\/cdnoticias.com\/wp-content\/uploads\/2025\/12\/tecnicatura-en-salud-zoonosis-rurales.jpg?resize=768%2C432&amp;ssl=1 768w\" sizes=\"auto, (max-width: 800px) 100vw, 800px\" \/><\/p>\n<p>El dictado de las carreras estar\u00e1 a cargo de<strong> profesionales de Azul<\/strong> y en <strong>formato presencial<\/strong> en el anexo del ex Colegio Nacional y una sala de simulaci\u00f3n en Zoonosis, ambas sedes en la ciudad de Azul. <strong>Las tecnicaturas ser\u00e1n a ciclo cerrado<\/strong>, se volver\u00e1 a abrir cuando est\u00e9 la necesidad de los servicios.<\/p>\n<blockquote><p>Se aclar\u00f3 que la Tecnicatura de Estad\u00edsticas se dicta en articulaci\u00f3n con la Regi\u00f3n Sanitaria II que tiene sede en Pehuaj\u00f3. \u201cLos t\u00e9cnicos que se dedicar\u00e1n a la docencia en esta tecnicatura ser\u00e1n de Regi\u00f3n IX, porque ya tenemos los recursos formados, tanto en estad\u00edstica como en la parte docente. La etapa te\u00f3rica ser\u00e1 virtual, mientras que la pr\u00e1ctica ser\u00e1 presencial, en dos hospitales de la Regi\u00f3n -Azul y Olavarr\u00eda-, que son los que tienen departamentos m\u00e1s complejos en materia de estad\u00edstica&#8221; se\u00f1al\u00f3 Borzi.<\/p><\/blockquote>\n<p>La Regi\u00f3n Sanitaria IX incluye los distritos de Azul -su cabecera-, Bol\u00edvar, Benito Ju\u00e1rez, Laprida, Lamadrid, Las Flores, Olavarr\u00eda, Rauch, Tapalqu\u00e9 y General Alvear. <strong>Las anunciadas para el 2026 son carreras abiertas a toda la regi\u00f3n<\/strong>, aunque Borzi se\u00f1al\u00f3 que, &#8220;en lo presencial, vemos que, para la gente de afuera, se complica&#8221;.<\/p>\n<h3>Residencias m\u00e9dicas<\/h3>\n<p>La oferta educativa 2026 anunciada, dijo Borzi, &#8220;viene enmarcada en algo que venimos llevando adelante y que <strong>tiene que ver con la formaci\u00f3n en posgrados de especialidades m\u00e9dicas<\/strong>, como son las residencias&#8221;.<\/p>\n<p>Actualmente, <strong>hay 106 residentes en la Regi\u00f3n Sanitaria IX<\/strong>, &#8220;un n\u00famero m\u00e1s que importante&#8221;. A ellos se suman<strong> 9 Jefes de Residentes y 19 Coordinadores Docentes<\/strong>, todos ellos dependientes del Ministerio de Salud bonaerense.<\/p>\n<h3>V\u00ednculo con la UNICEN<\/h3>\n<p>&#8220;En nuestra gesti\u00f3n -manifest\u00f3 Borzi-, realizamos<strong> un trabajo permanente con la UNICEN, con la Facultad de Ciencias de la Salud\u201d<\/strong> con sede en Olavarr\u00eda dijo el director ejecutivo. \u201cHay un \u00f3rgano de gobierno dentro de la Regi\u00f3n Sanitaria que es el <strong>Consejo Regional de Salud<\/strong>, donde permanentemente autoridades de la facultad participan, se trabaja y se piensa en conjunto&#8221; explic\u00f3.<\/p>\n<blockquote><p>En ese mismo sentido, Moreno se\u00f1al\u00f3 que &#8220;tenemos una relaci\u00f3n con UNICEN, convenios firmados, todo lo cual es muy importante, inclusive para las residencias. De hecho, una buena parte de los residentes que hay, son egresados de la UNICEN&#8221;.<\/p><\/blockquote>\n<p>Por otro lado,<strong> &#8220;este a\u00f1o, a pedido de la UNICEN, fuimos a hablar sobre las residencias ya con los estudiantes avanzados<\/strong> de la facultad, informando cu\u00e1les son las necesidades, adem\u00e1s de explicarles c\u00f3mo es el sistema de residencias y las que tenemos en el Ministerio de Salud. Algunos no conocen el sistema, pero saben que van a especializarse. Entonces, esa informaci\u00f3n que les brindamos les resulta muy positiva&#8221;.<\/p>\n<p>Fuente y fotos: <em>Diario El Tiempo<\/em><\/p>\n","protected":false},"excerpt":{"rendered":"<p>Se trata de las tecnicaturas superiores en Laboratorio, en Estad\u00edsticas de Salud y en Enfermer\u00eda, y los post\u00edtulos en Producci\u00f3n<\/p>\n","protected":false},"author":4,"featured_media":189205,"comment_status":"closed","ping_status":"closed","sticky":false,"template":"","format":"standard","meta":{"_jetpack_memberships_contains_paid_content":false,"footnotes":""},"categories":[5,1],"tags":[],"class_list":["post-189203","post","type-post","status-publish","format-standard","has-post-thumbnail","hentry","category-informacion-general","category-portada"],"jetpack_featured_media_url":"https:\/\/i0.wp.com\/cdnoticias.com\/wp-content\/uploads\/2025\/12\/tecnicatura-en-salud.jpg?fit=955%2C537&ssl=1","jetpack_sharing_enabled":true,"_links":{"self":[{"href":"https:\/\/cdnoticias.com\/index.php\/wp-json\/wp\/v2\/posts\/189203","targetHints":{"allow":["GET"]}}],"collection":[{"href":"https:\/\/cdnoticias.com\/index.php\/wp-json\/wp\/v2\/posts"}],"about":[{"href":"https:\/\/cdnoticias.com\/index.php\/wp-json\/wp\/v2\/types\/post"}],"author":[{"embeddable":true,"href":"https:\/\/cdnoticias.com\/index.php\/wp-json\/wp\/v2\/users\/4"}],"replies":[{"embeddable":true,"href":"https:\/\/cdnoticias.com\/index.php\/wp-json\/wp\/v2\/comments?post=189203"}],"version-history":[{"count":0,"href":"https:\/\/cdnoticias.com\/index.php\/wp-json\/wp\/v2\/posts\/189203\/revisions"}],"wp:featuredmedia":[{"embeddable":true,"href":"https:\/\/cdnoticias.com\/index.php\/wp-json\/wp\/v2\/media\/189205"}],"wp:attachment":[{"href":"https:\/\/cdnoticias.com\/index.php\/wp-json\/wp\/v2\/media?parent=189203"}],"wp:term":[{"taxonomy":"category","embeddable":true,"href":"https:\/\/cdnoticias.com\/index.php\/wp-json\/wp\/v2\/categories?post=189203"},{"taxonomy":"post_tag","embeddable":true,"href":"https:\/\/cdnoticias.com\/index.php\/wp-json\/wp\/v2\/tags?post=189203"}],"curies":[{"name":"wp","href":"https:\/\/api.w.org\/{rel}","templated":true}]}}