{"id":189198,"date":"2025-12-01T19:11:39","date_gmt":"2025-12-01T22:11:39","guid":{"rendered":"https:\/\/cdnoticias.com\/?p=189198"},"modified":"2025-12-01T19:50:48","modified_gmt":"2025-12-01T22:50:48","slug":"el-municipio-incorporara-un-espacio-para-choferes-de-transporte-publico-en-el-predio-de-la-unicen","status":"publish","type":"post","link":"https:\/\/cdnoticias.com\/index.php\/2025\/12\/01\/el-municipio-incorporara-un-espacio-para-choferes-de-transporte-publico-en-el-predio-de-la-unicen\/","title":{"rendered":"El Municipio incorporar\u00e1 un espacio para choferes de transporte p\u00fablico en el predio de la UNICEN"},"content":{"rendered":"\n<p>La Universidad cedi\u00f3 un espacio para la construcci\u00f3n del \u00e1rea de descanso y operatividad. El proyecto incluye obras municipales y aportes de la empresa Tu Bus para equipar las instalaciones.<\/p>\n\n\n\n<hr class=\"wp-block-separator has-alpha-channel-opacity\"\/>\n\n\n\n<p>El<strong> Municipio de Olavarr\u00eda y la Universidad Nacional del Centro de la Provincia de Buenos Aires (UNICEN)<\/strong> formalizaron un <strong>acuerdo para la instalaci\u00f3n de un espacio exclusivo para choferes de transporte p\u00fablico dentro del campus universitario <\/strong>ubicado en avenida Del Valle al 5700.<\/p>\n\n\n\n<p><\/p>\n\n\n\n<p>El documento fue firmado este lunes durante un encuentro realizado en la sala de reuniones del Palacio Municipal, <strong>encabezado por el intendente Maximiliano Wesner y el rector de la UNICEN, Marcelo Aba. <\/strong>Tambi\u00e9n participaron el <strong>decano de la Facultad de Ciencias Sociales, Gustavo Flensborg; la decana de la Facultad de Ingenier\u00eda, Mar\u00eda Peralta; y el secretario de Relaciones Institucionales de la universidad, Luis Ventos.<\/strong><\/p>\n\n\n\n<p><\/p>\n\n\n\n<p>Seg\u00fan lo establecido en el acuerdo,<strong> la UNICEN ceder\u00e1 al Municipio un sector de su predio para la puesta en marcha de la nueva \u201ccabecera\u201d del servicio de transporte p\u00fablico de pasajeros.<\/strong> El proyecto contempla, adem\u00e1s, la <strong>adecuaci\u00f3n de calles de ingreso, egreso y estacionamiento de las unidades, junto con las instalaciones necesarias para el uso y comodidad de los conductores.<\/strong><\/p>\n\n\n\n<p><\/p>\n\n\n\n<p>Las obras de trazado y adecuaci\u00f3n de calles de acceso, egreso y estacionamiento de unidades estar\u00e1n a cargo del Municipio, mientras que la provisi\u00f3n y colocaci\u00f3n de un <strong>contenedor de 4,30 m x 2, 50 m, con sus respectivas instalaciones sanitarias, mobiliarias y el\u00e9ctricas completas, correr\u00e1n a cargo de la empresa Tu Bus.<\/strong><\/p>\n\n\n\n<p><\/p>\n\n\n\n<p>\u201c<strong>Hace m\u00e1s de 15 a\u00f1os que los trabajadores vienen solicitando tener un espacio donde parar durante la jornada laboral<\/strong>, ya que son muchas horas. Esta demanda fue planteada en la mesa de transporte y nos pusimos a trabajar para buscar una soluci\u00f3n concreta. El lugar es un espacio estrat\u00e9gico ya que tiene mucha afluencia de pasajeros y tambi\u00e9n era una demanda de la comunidad universitaria que las distintas l\u00edneas entren al campus\u201d, indic\u00f3 el intendente municipal.<\/p>\n\n\n\n<p><\/p>\n\n\n\n<blockquote class=\"wp-block-quote is-layout-flow wp-block-quote-is-layout-flow\">\n<p>Se trata de la respuesta a una solicitud hist\u00f3rica de los choferes, que permitir\u00e1 no s\u00f3lo mejorar sus condiciones laborales, sino tambi\u00e9n seguir acompa\u00f1ando el servicio de transporte p\u00fablico de pasajeros desde la comuna, tanto a usuarios como trabajadores del sector, destacaron desde el Municipio. <\/p>\n<\/blockquote>\n\n\n\n<p><\/p>\n\n\n\n<p><strong>Los conductores\/as podr\u00e1n acceder a instalaciones sanitarias adecuadas,<\/strong> tal cual lo exige tanto la legislaci\u00f3n laboral como los convenios colectivos de trabajo. Ese beneficio se traduce adem\u00e1s en una mayor fluidez y operatividad en el servicio, que no se ver\u00e1 afectado por ocasionales situaciones de emergencia.<\/p>\n\n\n\n<p><\/p>\n\n\n\n<p>La medida beneficiar\u00e1 adem\u00e1s a los integrantes de la comunidad educativa no s\u00f3lo de las Facultades de Ingenier\u00eda y Ciencias Sociales, sino tambi\u00e9n de la Escuela Nacional Adolfo P\u00e9rez Esquivel, ya que todas las l\u00edneas de transporte urbano tendr\u00e1n en su recorrido el campus universitario, lo cual favorecer\u00e1 a vecinos y vecinas que por diversos motivos se acercan diariamente a ese punto de la ciudad.<\/p>\n\n\n\n<p><\/p>\n","protected":false},"excerpt":{"rendered":"<p>La Universidad cedi\u00f3 un espacio para la construcci\u00f3n del \u00e1rea de descanso y operatividad. El proyecto incluye obras municipales y<\/p>\n","protected":false},"author":5,"featured_media":189199,"comment_status":"closed","ping_status":"closed","sticky":false,"template":"","format":"standard","meta":{"_jetpack_memberships_contains_paid_content":false,"footnotes":""},"categories":[5,1],"tags":[],"class_list":["post-189198","post","type-post","status-publish","format-standard","has-post-thumbnail","hentry","category-informacion-general","category-portada"],"jetpack_featured_media_url":"https:\/\/i0.wp.com\/cdnoticias.com\/wp-content\/uploads\/2025\/12\/UNICEN-MUNICIPIO-CABECERA-TRANSPORTE.png?fit=800%2C445&ssl=1","jetpack_sharing_enabled":true,"_links":{"self":[{"href":"https:\/\/cdnoticias.com\/index.php\/wp-json\/wp\/v2\/posts\/189198","targetHints":{"allow":["GET"]}}],"collection":[{"href":"https:\/\/cdnoticias.com\/index.php\/wp-json\/wp\/v2\/posts"}],"about":[{"href":"https:\/\/cdnoticias.com\/index.php\/wp-json\/wp\/v2\/types\/post"}],"author":[{"embeddable":true,"href":"https:\/\/cdnoticias.com\/index.php\/wp-json\/wp\/v2\/users\/5"}],"replies":[{"embeddable":true,"href":"https:\/\/cdnoticias.com\/index.php\/wp-json\/wp\/v2\/comments?post=189198"}],"version-history":[{"count":0,"href":"https:\/\/cdnoticias.com\/index.php\/wp-json\/wp\/v2\/posts\/189198\/revisions"}],"wp:featuredmedia":[{"embeddable":true,"href":"https:\/\/cdnoticias.com\/index.php\/wp-json\/wp\/v2\/media\/189199"}],"wp:attachment":[{"href":"https:\/\/cdnoticias.com\/index.php\/wp-json\/wp\/v2\/media?parent=189198"}],"wp:term":[{"taxonomy":"category","embeddable":true,"href":"https:\/\/cdnoticias.com\/index.php\/wp-json\/wp\/v2\/categories?post=189198"},{"taxonomy":"post_tag","embeddable":true,"href":"https:\/\/cdnoticias.com\/index.php\/wp-json\/wp\/v2\/tags?post=189198"}],"curies":[{"name":"wp","href":"https:\/\/api.w.org\/{rel}","templated":true}]}}