{"id":189182,"date":"2025-12-01T09:09:53","date_gmt":"2025-12-01T12:09:53","guid":{"rendered":"https:\/\/cdnoticias.com\/?p=189182"},"modified":"2025-12-01T12:11:57","modified_gmt":"2025-12-01T15:11:57","slug":"la-fiesta-aniversario-de-olavarria-movio-mas-de-80-millones-de-pesos-en-ventas","status":"publish","type":"post","link":"https:\/\/cdnoticias.com\/index.php\/2025\/12\/01\/la-fiesta-aniversario-de-olavarria-movio-mas-de-80-millones-de-pesos-en-ventas\/","title":{"rendered":"La Fiesta Aniversario de Olavarr\u00eda movi\u00f3 m\u00e1s de 80 millones de pesos en ventas"},"content":{"rendered":"<p>Lo inform\u00f3 el Municipio en base a una encuesta entre emprendedores, artesanos y vendedores en el patio de comidas. Un 65% de encuestados tuvo las ventas esperadas o superaron sus expectativas.<!--more--><\/p>\n<hr \/>\n<p>La<strong> Coordinaci\u00f3n de Econom\u00eda Popular<\/strong>, dependiente de la <strong>Secretar\u00eda de Desarrollo Econ\u00f3mico y Productivo municipal<\/strong>, realiz\u00f3 una <strong>encuesta entre emprendedores, artesanos y vendedores<\/strong> en el <strong>patio de comidas de la Fiesta Aniversario de Olavarr\u00eda<\/strong> <a href=\"https:\/\/cdnoticias.com\/index.php\/2025\/11\/24\/fiesta-158o-aniversario-mas-de-60-000-olavarrienses-nos-hemos-encontrado\/\" target=\"_blank\" rel=\"noopener\">que se llev\u00f3 a cabo el lunes pasado<\/a>.<\/p>\n<\/p>\n\n\n<p><\/p>\n\n\n<p>Tras ello, se inform\u00f3 que \u201cla Fiesta por el 158\u00b0 aniversario fue un \u00e9xito que pudo verse no s\u00f3lo en las m\u00e1s de 60 mil personas que fueron parte del evento que se realiz\u00f3 d\u00edas atr\u00e1s en el Parque Helios Eseverri, sino tambi\u00e9n por <strong>el importante movimiento econ\u00f3mico que gener\u00f3 en emprendedores, artesanos y en el Patio de Comidas\u201d<\/strong>.<\/p>\n<\/p>\n\n\n<p><\/p>\n\n\n<blockquote>\n<p>En detalle, la encuesta arroj\u00f3 que las ventas realizadas durante el masivo evento generaron m\u00e1s de 80 millones de pesos que beneficiaron directamente a emprendedores locales.<\/p>\n<\/blockquote>\n\n\n<p><\/p>\n\n\n<p>El relevamiento realizado post evento indic\u00f3 adem\u00e1s que alrededor de<strong> un 65% de las personas encuestadas expres\u00f3 que las ventas fueron las esperadas o incluso superaron sus expectativas<\/strong>, mientras que un <strong>50% asegur\u00f3 que las ventas fueron mayores o iguales a las del a\u00f1o pasado<\/strong>.<\/p>\n<p>\u00a0<\/p>\n\n<p><\/p>\n\n<p><img data-recalc-dims=\"1\" loading=\"lazy\" decoding=\"async\" class=\"alignnone size-full wp-image-188680 aligncenter\" src=\"https:\/\/i0.wp.com\/cdnoticias.com\/wp-content\/uploads\/2025\/11\/fiesta-de-olavarria-11.jpg?resize=800%2C445&#038;ssl=1\" alt=\"\" width=\"800\" height=\"445\" srcset=\"https:\/\/i0.wp.com\/cdnoticias.com\/wp-content\/uploads\/2025\/11\/fiesta-de-olavarria-11.jpg?w=1000&amp;ssl=1 1000w, https:\/\/i0.wp.com\/cdnoticias.com\/wp-content\/uploads\/2025\/11\/fiesta-de-olavarria-11.jpg?resize=300%2C167&amp;ssl=1 300w, https:\/\/i0.wp.com\/cdnoticias.com\/wp-content\/uploads\/2025\/11\/fiesta-de-olavarria-11.jpg?resize=768%2C427&amp;ssl=1 768w, https:\/\/i0.wp.com\/cdnoticias.com\/wp-content\/uploads\/2025\/11\/fiesta-de-olavarria-11.jpg?resize=800%2C445&amp;ssl=1 800w\" sizes=\"auto, (max-width: 800px) 100vw, 800px\" \/><\/p>\n\n<p><\/p>\n\n<blockquote>\n<p>El organismo municipal destac\u00f3 que un 20% de los puestos particip\u00f3 por primera vez de este evento, \u201clo que se tradujo en una mayor diversidad en la oferta y oportunidades para los emprendedores\u201d.<\/p>\n<\/blockquote>\n\n<p><\/p>\n\n<p>Por otro lado, <strong>90% de los participantes se manifest\u00f3 \u201cmuy satisfecho\u201d o \u201csatisfecho\u201d con la organizaci\u00f3n<\/strong> del evento y la disposici\u00f3n de los sectores destinados a comida, como as\u00ed tambi\u00e9n para los emprendedores.<\/p>\n\n<p><\/p>\n\n<h3>Un contexto ideal<\/h3>\n\n<p><\/p>\n\n<p>Desde la Secretar\u00eda de Desarrollo Econ\u00f3mico se enfatiz\u00f3 que<strong> \u201cel evento no solo pone en valor la riqueza cultural y la cohesi\u00f3n comunitaria de nuestra ciudad<\/strong>, sino que tambi\u00e9n ha demostrado el <strong>compromiso del Municipio en acompa\u00f1ar el desarrollo econ\u00f3mico local<\/strong>, un movimiento econ\u00f3mico que puede verse en cada una de las propuestas culturales, recreativas y deportivas que son impulsadas por la comuna\u201d.<\/p>\n\n<p><\/p>\n\n<p><img data-recalc-dims=\"1\" loading=\"lazy\" decoding=\"async\" class=\"alignnone size-full wp-image-188654 aligncenter\" src=\"https:\/\/i0.wp.com\/cdnoticias.com\/wp-content\/uploads\/2025\/11\/fiesta-de-olavarria-04.jpg?resize=800%2C445&#038;ssl=1\" alt=\"\" width=\"800\" height=\"445\" srcset=\"https:\/\/i0.wp.com\/cdnoticias.com\/wp-content\/uploads\/2025\/11\/fiesta-de-olavarria-04.jpg?w=1000&amp;ssl=1 1000w, https:\/\/i0.wp.com\/cdnoticias.com\/wp-content\/uploads\/2025\/11\/fiesta-de-olavarria-04.jpg?resize=300%2C167&amp;ssl=1 300w, https:\/\/i0.wp.com\/cdnoticias.com\/wp-content\/uploads\/2025\/11\/fiesta-de-olavarria-04.jpg?resize=768%2C427&amp;ssl=1 768w, https:\/\/i0.wp.com\/cdnoticias.com\/wp-content\/uploads\/2025\/11\/fiesta-de-olavarria-04.jpg?resize=800%2C445&amp;ssl=1 800w\" sizes=\"auto, (max-width: 800px) 100vw, 800px\" \/><\/p>\n\n<p><\/p>\n\n<p>Desde la Secretar\u00eda de Desarrollo Econ\u00f3mico y Productivo se explic\u00f3 que, desde el inicio de la planificaci\u00f3n, el Municipio -a trav\u00e9s de las distintas \u00e1reas- \u201centiende que la actividad permite no s\u00f3lo brindar un espacio de celebraci\u00f3n y encuentro, sino tambi\u00e9n<strong> el contexto ideal para apoyar e impulsar el crecimiento de peque\u00f1os negocios y emprendedores<\/strong>, adem\u00e1s del <strong>movimiento econ\u00f3mico en s\u00ed que se genera con proveedores y contrataciones\u201d<\/strong>.<\/p>\n\n<p><\/p>\n\n<blockquote>\n<p>En ese marco, desde la Coordinaci\u00f3n de Econom\u00eda Popular se resalt\u00f3 que el patio de comidas, que ofreci\u00f3 una amplia variedad de opciones gastron\u00f3micas, \u201cfue un punto clave en esta estrategia, lo que atrajo a miles de visitantes\u201d.<\/p>\n<\/blockquote>\n\n<p><\/p>\n\n<p>Finalmente, se valor\u00f3 que los stands fueron encabezados no s\u00f3lo por emprendedores gastron\u00f3micos, sino que tambi\u00e9n estuvieron <strong>presentes clubes, colectividades e instituciones de Olavarr\u00eda y localidades.<\/strong><\/p>\n\n\n<p><\/p>\n","protected":false},"excerpt":{"rendered":"<p>Lo inform\u00f3 el Municipio en base a una encuesta entre emprendedores, artesanos y vendedores en el patio de comidas. Un<\/p>\n","protected":false},"author":4,"featured_media":188715,"comment_status":"closed","ping_status":"closed","sticky":false,"template":"","format":"standard","meta":{"_jetpack_memberships_contains_paid_content":false,"footnotes":""},"categories":[5,1],"tags":[],"class_list":["post-189182","post","type-post","status-publish","format-standard","has-post-thumbnail","hentry","category-informacion-general","category-portada"],"jetpack_featured_media_url":"https:\/\/i0.wp.com\/cdnoticias.com\/wp-content\/uploads\/2025\/11\/fiesta-aniversario-2025-5.jpg?fit=1000%2C665&ssl=1","jetpack_sharing_enabled":true,"_links":{"self":[{"href":"https:\/\/cdnoticias.com\/index.php\/wp-json\/wp\/v2\/posts\/189182","targetHints":{"allow":["GET"]}}],"collection":[{"href":"https:\/\/cdnoticias.com\/index.php\/wp-json\/wp\/v2\/posts"}],"about":[{"href":"https:\/\/cdnoticias.com\/index.php\/wp-json\/wp\/v2\/types\/post"}],"author":[{"embeddable":true,"href":"https:\/\/cdnoticias.com\/index.php\/wp-json\/wp\/v2\/users\/4"}],"replies":[{"embeddable":true,"href":"https:\/\/cdnoticias.com\/index.php\/wp-json\/wp\/v2\/comments?post=189182"}],"version-history":[{"count":0,"href":"https:\/\/cdnoticias.com\/index.php\/wp-json\/wp\/v2\/posts\/189182\/revisions"}],"wp:featuredmedia":[{"embeddable":true,"href":"https:\/\/cdnoticias.com\/index.php\/wp-json\/wp\/v2\/media\/188715"}],"wp:attachment":[{"href":"https:\/\/cdnoticias.com\/index.php\/wp-json\/wp\/v2\/media?parent=189182"}],"wp:term":[{"taxonomy":"category","embeddable":true,"href":"https:\/\/cdnoticias.com\/index.php\/wp-json\/wp\/v2\/categories?post=189182"},{"taxonomy":"post_tag","embeddable":true,"href":"https:\/\/cdnoticias.com\/index.php\/wp-json\/wp\/v2\/tags?post=189182"}],"curies":[{"name":"wp","href":"https:\/\/api.w.org\/{rel}","templated":true}]}}