{"id":189180,"date":"2025-12-01T08:41:45","date_gmt":"2025-12-01T11:41:45","guid":{"rendered":"https:\/\/cdnoticias.com\/?p=189180"},"modified":"2025-12-01T11:18:35","modified_gmt":"2025-12-01T14:18:35","slug":"desde-este-lunes-los-bancos-cambian-su-horario-de-atencion-en-olavarria","status":"publish","type":"post","link":"https:\/\/cdnoticias.com\/index.php\/2025\/12\/01\/desde-este-lunes-los-bancos-cambian-su-horario-de-atencion-en-olavarria\/","title":{"rendered":"Desde este lunes los bancos cambian su horario de atenci\u00f3n en Olavarr\u00eda"},"content":{"rendered":"<p>De diciembre a marzo, como cada verano, atender\u00e1n de 8 a 13. El nuevo horario se aplica en 108 municipios bonaerenses.<!--more--><\/p>\n<hr \/>\n<p>Como suele pasar cada verano, <strong>el Gobierno de Axel Kicillof oficializ\u00f3 el nuevo horario de los bancos<\/strong> para los <strong>meses de calor<\/strong> en la provincia de Buenos Aires y <strong>Olavarr\u00eda es uno de los distritos que lo aplica<\/strong>.<\/p>\n<blockquote><p>A partir de este lunes 1\u00ba de diciembre atender\u00e1n de 8 a 13 horas.<\/p><\/blockquote>\n<p>As\u00ed qued\u00f3 establecido en el Bolet\u00edn Oficial, donde <strong>decreta el cambio de 10 a 15 por el de 8 a 13<\/strong>, debido a las altas temperaturas.<\/p>\n<p>De esta manera, seg\u00fan indicaron a Agencia DIB, el mandatario acept\u00f3 el <strong>pedido elevado por el gremio La Bancaria y 108 municipios se ver\u00e1n afectados<\/strong> por este cambio.<\/p>\n<p>La medida se extender\u00e1 hasta el domingo 22 de marzo, por lo que el d\u00eda posterior,<strong> el lunes 23, volver\u00e1 la atenci\u00f3n a partir de las 10 de la ma\u00f1ana.<\/strong><\/p>\n<h4>Los 108 municipios que cambian su horario bancario<\/h4>\n<p>25 de Mayo, 9 de Julio, Adolfo Alsina, Adolfo Gonzales, Chaves, Alberti, Arrecifes, Ayacucho, Azul, Bah\u00eda Blanca, Balcarce, Baradero, Benito Ju\u00e1rez, Berisso, Bol\u00edvar, Bragado, Brandsen, Campana, Ca\u00f1uelas, Capit\u00e1n Sarmiento, Carlos Casares, Carlos Tejedor, Carmen de Areco, Castelli, Chacabuco, Chascom\u00fas, Chivilcoy, Col\u00f3n, Coronel Rosales, Coronel Dorrego, Coronel Pringles, Coronel Su\u00e1rez, Daireaux, Dolores, Ensenada, Exaltaci\u00f3n de la Cruz, Florentino Ameghino, General Alvarado, General Alvear, General Arenales, General Belgrano, General Guido, Madariaga, Lamadrid, General Las Heras, General Lavalle, General Paz, General Pinto, General Pueyrred\u00f3n, General Rodr\u00edguez, Viamonte, General Villegas y Guamin\u00ed.<\/p>\n<p>Completan la lista de distritos Hip\u00f3lito Yrigoyen, Jun\u00edn, La Costa, La Plata, Laprida, Las Flores, Leandro N. Alem, Lezama, Lincoln, Lober\u00eda, Lobos, Luj\u00e1n, Magdalena, Maip\u00fa, Mar Chiquita, Marcos Paz, Mercedes, Monte, Monte Hermoso, Navarro, Necochea, <strong>Olavarr\u00eda<\/strong>, Patagones, Pehuaj\u00f3, Pellegrini, Pergamino, Pila, Pinamar, Pu\u00e1n, Punta Indio, Ramallo, Rauch, Rivadavia, Rojas, Roque P\u00e9rez, Saavedra, Saladillo, Salliquel\u00f3, Salto, San Andr\u00e9s de Giles, San Antonio de Areco, San Cayetano, San Nicol\u00e1s, San Pedro, San Vicente, Suipacha, Tandil, Tapalqu\u00e9, Tordillo, Tornquist, Trenque Lauquen, Tres Arroyos, Tres Lomas, Villa Gesell, Villarino, Z\u00e1rate.<\/p>\n","protected":false},"excerpt":{"rendered":"<p>De diciembre a marzo, como cada verano, atender\u00e1n de 8 a 13. El nuevo horario se aplica en 108 municipios<\/p>\n","protected":false},"author":4,"featured_media":102309,"comment_status":"closed","ping_status":"closed","sticky":false,"template":"","format":"standard","meta":{"_jetpack_memberships_contains_paid_content":false,"footnotes":""},"categories":[5,1],"tags":[],"class_list":["post-189180","post","type-post","status-publish","format-standard","has-post-thumbnail","hentry","category-informacion-general","category-portada"],"jetpack_featured_media_url":"https:\/\/i0.wp.com\/cdnoticias.com\/wp-content\/uploads\/2023\/11\/bancos-atencion.jpg?fit=800%2C420&ssl=1","jetpack_sharing_enabled":true,"_links":{"self":[{"href":"https:\/\/cdnoticias.com\/index.php\/wp-json\/wp\/v2\/posts\/189180","targetHints":{"allow":["GET"]}}],"collection":[{"href":"https:\/\/cdnoticias.com\/index.php\/wp-json\/wp\/v2\/posts"}],"about":[{"href":"https:\/\/cdnoticias.com\/index.php\/wp-json\/wp\/v2\/types\/post"}],"author":[{"embeddable":true,"href":"https:\/\/cdnoticias.com\/index.php\/wp-json\/wp\/v2\/users\/4"}],"replies":[{"embeddable":true,"href":"https:\/\/cdnoticias.com\/index.php\/wp-json\/wp\/v2\/comments?post=189180"}],"version-history":[{"count":0,"href":"https:\/\/cdnoticias.com\/index.php\/wp-json\/wp\/v2\/posts\/189180\/revisions"}],"wp:featuredmedia":[{"embeddable":true,"href":"https:\/\/cdnoticias.com\/index.php\/wp-json\/wp\/v2\/media\/102309"}],"wp:attachment":[{"href":"https:\/\/cdnoticias.com\/index.php\/wp-json\/wp\/v2\/media?parent=189180"}],"wp:term":[{"taxonomy":"category","embeddable":true,"href":"https:\/\/cdnoticias.com\/index.php\/wp-json\/wp\/v2\/categories?post=189180"},{"taxonomy":"post_tag","embeddable":true,"href":"https:\/\/cdnoticias.com\/index.php\/wp-json\/wp\/v2\/tags?post=189180"}],"curies":[{"name":"wp","href":"https:\/\/api.w.org\/{rel}","templated":true}]}}