{"id":189175,"date":"2025-11-30T20:59:39","date_gmt":"2025-11-30T23:59:39","guid":{"rendered":"https:\/\/cdnoticias.com\/?p=189175"},"modified":"2025-12-01T09:10:20","modified_gmt":"2025-12-01T12:10:20","slug":"una-mujer-herida-de-gravedad-tras-un-ataque-con-arma-blanca","status":"publish","type":"post","link":"https:\/\/cdnoticias.com\/index.php\/2025\/11\/30\/una-mujer-herida-de-gravedad-tras-un-ataque-con-arma-blanca\/","title":{"rendered":"Una mujer herida de gravedad tras un ataque con arma blanca"},"content":{"rendered":"<p>El caso se dio en Santa Fe al 1600. La v\u00edctima, de 28 a\u00f1os, qued\u00f3 internada en el Hospital. Las primeras averiguaciones apuntaron que hubo una atacante junto a otras tres personas.<!--more--><\/p>\n<hr \/>\n<p>Una <strong>mujer<\/strong> result\u00f3<strong> gravemente herida<\/strong> tras ser<strong> atacada con un arma blanca<\/strong> en Olavarr\u00eda.<\/p>\n<p>En <strong>Santa Fe al 1600<\/strong> ocurri\u00f3 este s\u00e1bado. Al lugar fue convocado personal del <strong>Comando de Patrullas<\/strong> a trav\u00e9s del <strong>911<\/strong> al alertar por la <strong>presencia de una persona lesionada.<\/strong><\/p>\n<p>Al llegar, los efectivos encontraron a la mujer <strong>sentada en la vereda con una herida corto punzante en el abdomen<\/strong>. La v\u00edctima fue identificada como <strong>Erica Caballeri, de 28 a\u00f1os.<\/strong><\/p>\n<blockquote><p>Inmediatamente fue asistida por personal del SAME y fue trasladada al Hospital Municipal. Se estableci\u00f3 que las heridas eran de gravedad y que presentaba riesgo de vida.<\/p><\/blockquote>\n<p><img data-recalc-dims=\"1\" loading=\"lazy\" decoding=\"async\" class=\"alignnone size-full wp-image-165379 aligncenter\" src=\"https:\/\/i0.wp.com\/cdnoticias.com\/wp-content\/uploads\/2025\/02\/hospital-guardia-ambulancia-04.jpg?resize=800%2C445&#038;ssl=1\" alt=\"\" width=\"800\" height=\"445\" srcset=\"https:\/\/i0.wp.com\/cdnoticias.com\/wp-content\/uploads\/2025\/02\/hospital-guardia-ambulancia-04.jpg?w=1000&amp;ssl=1 1000w, https:\/\/i0.wp.com\/cdnoticias.com\/wp-content\/uploads\/2025\/02\/hospital-guardia-ambulancia-04.jpg?resize=300%2C167&amp;ssl=1 300w, https:\/\/i0.wp.com\/cdnoticias.com\/wp-content\/uploads\/2025\/02\/hospital-guardia-ambulancia-04.jpg?resize=768%2C427&amp;ssl=1 768w, https:\/\/i0.wp.com\/cdnoticias.com\/wp-content\/uploads\/2025\/02\/hospital-guardia-ambulancia-04.jpg?resize=800%2C445&amp;ssl=1 800w\" sizes=\"auto, (max-width: 800px) 100vw, 800px\" \/><\/p>\n<blockquote><p>De acuerdo con los primeros testimonios recabados, la agresi\u00f3n se produjo cuando hasta el domicilio arribaron cuatro personas en un veh\u00edculo y, una de ellas, una mujer, habr\u00eda atacado a la v\u00edctima con un arma blanca. Posteriormente, las cuatro personas abandonaron la escena.<\/p><\/blockquote>\n<p>La investigaci\u00f3n qued\u00f3 a cargo de la<strong> UFI N\u00b0 4<\/strong> y la <strong>Comisar\u00eda Segunda<\/strong>. Las actuaciones se caratularon como<strong> \u201clesiones agravadas por el uso de arma blanca\u201d<\/strong>.<\/p>\n","protected":false},"excerpt":{"rendered":"<p>El caso se dio en Santa Fe al 1600. La v\u00edctima, de 28 a\u00f1os, qued\u00f3 internada en el Hospital. Las<\/p>\n","protected":false},"author":4,"featured_media":165383,"comment_status":"closed","ping_status":"closed","sticky":false,"template":"","format":"standard","meta":{"_jetpack_memberships_contains_paid_content":false,"footnotes":""},"categories":[14,1],"tags":[],"class_list":["post-189175","post","type-post","status-publish","format-standard","has-post-thumbnail","hentry","category-policiales","category-portada"],"jetpack_featured_media_url":"https:\/\/i0.wp.com\/cdnoticias.com\/wp-content\/uploads\/2025\/02\/hospital-frente-00.jpg?fit=1000%2C556&ssl=1","jetpack_sharing_enabled":true,"_links":{"self":[{"href":"https:\/\/cdnoticias.com\/index.php\/wp-json\/wp\/v2\/posts\/189175","targetHints":{"allow":["GET"]}}],"collection":[{"href":"https:\/\/cdnoticias.com\/index.php\/wp-json\/wp\/v2\/posts"}],"about":[{"href":"https:\/\/cdnoticias.com\/index.php\/wp-json\/wp\/v2\/types\/post"}],"author":[{"embeddable":true,"href":"https:\/\/cdnoticias.com\/index.php\/wp-json\/wp\/v2\/users\/4"}],"replies":[{"embeddable":true,"href":"https:\/\/cdnoticias.com\/index.php\/wp-json\/wp\/v2\/comments?post=189175"}],"version-history":[{"count":0,"href":"https:\/\/cdnoticias.com\/index.php\/wp-json\/wp\/v2\/posts\/189175\/revisions"}],"wp:featuredmedia":[{"embeddable":true,"href":"https:\/\/cdnoticias.com\/index.php\/wp-json\/wp\/v2\/media\/165383"}],"wp:attachment":[{"href":"https:\/\/cdnoticias.com\/index.php\/wp-json\/wp\/v2\/media?parent=189175"}],"wp:term":[{"taxonomy":"category","embeddable":true,"href":"https:\/\/cdnoticias.com\/index.php\/wp-json\/wp\/v2\/categories?post=189175"},{"taxonomy":"post_tag","embeddable":true,"href":"https:\/\/cdnoticias.com\/index.php\/wp-json\/wp\/v2\/tags?post=189175"}],"curies":[{"name":"wp","href":"https:\/\/api.w.org\/{rel}","templated":true}]}}