{"id":189173,"date":"2025-11-30T20:45:09","date_gmt":"2025-11-30T23:45:09","guid":{"rendered":"https:\/\/cdnoticias.com\/?p=189173"},"modified":"2025-12-01T08:44:23","modified_gmt":"2025-12-01T11:44:23","slug":"a-partir-de-este-lunes-se-extiende-el-horario-del-estacionamiento-medido","status":"publish","type":"post","link":"https:\/\/cdnoticias.com\/index.php\/2025\/11\/30\/a-partir-de-este-lunes-se-extiende-el-horario-del-estacionamiento-medido\/","title":{"rendered":"A partir de este lunes se extiende el horario del Estacionamiento Medido"},"content":{"rendered":"<p>Rige el horario de verano en la Zona 1. El cobro se extender\u00e1 hasta las 20 horas de lunes a viernes. Tambi\u00e9n se ampliar\u00e1 el horario de atenci\u00f3n al usuario.<!--more--><\/p>\n<hr \/>\n<p>El Municipio de Olavarr\u00eda, a trav\u00e9s de la Coordinaci\u00f3n del <strong>Servicio de Estacionamiento Medido<\/strong>, inform\u00f3 que <strong>a partir del lunes 1 de diciembre ingresar\u00e1 en vigencia el horario de verano.<\/strong><\/p>\n<blockquote><p><a href=\"https:\/\/cdnoticias.com\/index.php\/2025\/11\/28\/estacionamiento-medido-desde-la-semana-proxima-regira-el-horario-de-verano\/\" target=\"_blank\" rel=\"noopener\">Tal como se adelant\u00f3<\/a>, el horario de fiscalizaci\u00f3n en la Zona 1 pasar\u00e1 a ser de 9 a 20 horas de lunes a viernes. No se realizar\u00e1n modificaciones en los d\u00edas s\u00e1bados, que seguir\u00e1 de 9 a 13 horas, como as\u00ed tampoco en la Zona 2.<\/p><\/blockquote>\n<p>Adem\u00e1s, con el <strong>objetivo de brindar un mejor servicio<\/strong> a personas usuarias, <strong>se ampliar\u00e1 el horario de atenci\u00f3n<\/strong>, tanto en la sede de Rivadavia 2780 como a trav\u00e9s de la l\u00ednea 2284 63346. Ser\u00e1 de lunes a viernes 7 a 20 horas, y s\u00e1bados 9 a 13 horas.<\/p>\n<p>Se recuerda, por \u00faltimo, que tambi\u00e9n se pueden realizar <em>consultas al correo electr\u00f3nico sem@olavarria.gov.ar.<\/em><\/p>\n<p>Por consultas o informaci\u00f3n, comunicarse al 2284-653468 o acercarse a las oficinas ubicadas en Rivadavia N\u00b0 2780.<\/p>\n","protected":false},"excerpt":{"rendered":"<p>Rige el horario de verano en la Zona 1. El cobro se extender\u00e1 hasta las 20 horas de lunes a<\/p>\n","protected":false},"author":4,"featured_media":116029,"comment_status":"closed","ping_status":"closed","sticky":false,"template":"","format":"standard","meta":{"_jetpack_memberships_contains_paid_content":false,"footnotes":""},"categories":[5,1],"tags":[],"class_list":["post-189173","post","type-post","status-publish","format-standard","has-post-thumbnail","hentry","category-informacion-general","category-portada"],"jetpack_featured_media_url":"https:\/\/i0.wp.com\/cdnoticias.com\/wp-content\/uploads\/2024\/05\/estacionamiento-medido-olavarria3-scaled.jpg?fit=2560%2C1424&ssl=1","jetpack_sharing_enabled":true,"_links":{"self":[{"href":"https:\/\/cdnoticias.com\/index.php\/wp-json\/wp\/v2\/posts\/189173","targetHints":{"allow":["GET"]}}],"collection":[{"href":"https:\/\/cdnoticias.com\/index.php\/wp-json\/wp\/v2\/posts"}],"about":[{"href":"https:\/\/cdnoticias.com\/index.php\/wp-json\/wp\/v2\/types\/post"}],"author":[{"embeddable":true,"href":"https:\/\/cdnoticias.com\/index.php\/wp-json\/wp\/v2\/users\/4"}],"replies":[{"embeddable":true,"href":"https:\/\/cdnoticias.com\/index.php\/wp-json\/wp\/v2\/comments?post=189173"}],"version-history":[{"count":0,"href":"https:\/\/cdnoticias.com\/index.php\/wp-json\/wp\/v2\/posts\/189173\/revisions"}],"wp:featuredmedia":[{"embeddable":true,"href":"https:\/\/cdnoticias.com\/index.php\/wp-json\/wp\/v2\/media\/116029"}],"wp:attachment":[{"href":"https:\/\/cdnoticias.com\/index.php\/wp-json\/wp\/v2\/media?parent=189173"}],"wp:term":[{"taxonomy":"category","embeddable":true,"href":"https:\/\/cdnoticias.com\/index.php\/wp-json\/wp\/v2\/categories?post=189173"},{"taxonomy":"post_tag","embeddable":true,"href":"https:\/\/cdnoticias.com\/index.php\/wp-json\/wp\/v2\/tags?post=189173"}],"curies":[{"name":"wp","href":"https:\/\/api.w.org\/{rel}","templated":true}]}}