{"id":189171,"date":"2025-11-30T19:01:32","date_gmt":"2025-11-30T22:01:32","guid":{"rendered":"https:\/\/cdnoticias.com\/?p=189171"},"modified":"2025-11-30T19:01:33","modified_gmt":"2025-11-30T22:01:33","slug":"un-cambio-en-la-previa-de-los-cambios","status":"publish","type":"post","link":"https:\/\/cdnoticias.com\/index.php\/2025\/11\/30\/un-cambio-en-la-previa-de-los-cambios\/","title":{"rendered":"Un cambio en la previa de los cambios"},"content":{"rendered":"\n<p>El regreso de Guillermo Lascano al HCD y todas las interpretaciones en el universo libertario. Una foto con nuevas cercan\u00edas y la flamante referencia seccional de La Libertad Avanza. El viernes asumir\u00e1n los nuevos concejales y se elegir\u00e1n las autoridades. El Presupuesto 2026 ya se present\u00f3.<\/p>\n\n\n\n<p><\/p>\n\n\n\n<p><em>Volver a las Fuentes, por Alexis Grierson y Josefina Bargas<\/em><\/p>\n\n\n\n<p><\/p>\n\n\n\n<p><strong>Las luces que a lo lejos van marcando su retorno<\/strong><\/p>\n\n\n\n<p>\u00bfSe acuerdan que hace siete d\u00edas les dec\u00edamos que<strong>&nbsp;se ven\u00eda una foto \u201campliada\u201d<\/strong>&nbsp;que pod\u00eda generar ruido en el \u00e1mbito libertario? A las pocas horas de que Los Totora tocaran sus \u00faltimos acordes en la Fiesta de Olavarr\u00eda, el sector libertario que tiene referencia en&nbsp;<strong>Por M\u00e1s Libertad, el bullrichismo y La P\u00farpura -entre otros sectores- mostraron un participante inesperado: Oliver Gamondi<\/strong>, concejal del bloque La Libertad Avanza.<\/p>\n\n\n\n<p>Estuvieron, tal como lo adelantamos, en la&nbsp;<strong>Agencia Federal de Emergencias<\/strong>, donde sumaron experiencia en gesti\u00f3n de la mano del gobierno nacional. Seg\u00fan trascendi\u00f3 a este newsletter, y tal como la primera foto de dos semanas atr\u00e1s, el buen clima prim\u00f3 y todos se sintieron a gusto.<strong>&nbsp;\u201cEs muy positivo tener este acercamiento a herramientas de gesti\u00f3n y m\u00e1s en un sentimiento de unidad y de querer tirar todos para el mismo lado\u201d<\/strong>&nbsp;se\u00f1al\u00f3 uno de los presentes a este newsletter, con la sutileza clara de que&nbsp;<strong>desde que hubo estos acercamientos, el clima libertario cambi\u00f3<\/strong>.<\/p>\n\n\n\n<p>Casi como un domin\u00f3, las novedades empezaron a llegar una tras otra: a las pocas horas, el oriundo de 16 de Julio (Partido de Azul)&nbsp;<strong>Pablo Di Salvo se transformaba en coordinador seccional de La Libertad Avanza<\/strong>, transform\u00e1ndose en el sucesor de Alejandro Speroni. El dirigente azule\u00f1o estuvo en la regional de PAMI, se qued\u00f3 afuera de la lista de candidatos a senadores provinciales (la leyenda indica que iba a ocupar el lugar 3, que ocup\u00f3 el ex intendente Galli) y termin\u00f3 con un importante cargo en la gesti\u00f3n Milei:&nbsp;<strong>Director Nacional de Asuntos Municipales.<\/strong><\/p>\n\n\n\n<figure class=\"wp-block-image size-full\"><img data-recalc-dims=\"1\" loading=\"lazy\" decoding=\"async\" width=\"783\" height=\"479\" src=\"https:\/\/i0.wp.com\/cdnoticias.com\/wp-content\/uploads\/2025\/11\/di-salvo-septima.jpg?resize=783%2C479&#038;ssl=1\" alt=\"\" class=\"wp-image-188899\" srcset=\"https:\/\/i0.wp.com\/cdnoticias.com\/wp-content\/uploads\/2025\/11\/di-salvo-septima.jpg?w=783&amp;ssl=1 783w, https:\/\/i0.wp.com\/cdnoticias.com\/wp-content\/uploads\/2025\/11\/di-salvo-septima.jpg?resize=300%2C184&amp;ssl=1 300w, https:\/\/i0.wp.com\/cdnoticias.com\/wp-content\/uploads\/2025\/11\/di-salvo-septima.jpg?resize=768%2C470&amp;ssl=1 768w\" sizes=\"auto, (max-width: 783px) 100vw, 783px\" \/><\/figure>\n\n\n\n<p>M\u00e1s all\u00e1 de las felicitaciones y lo esperable en una designaci\u00f3n as\u00ed (todos los sectores libertarios felicitaron a Di Salvo) lo fuerte fue la<strong>&nbsp;foto: junto a Sebasti\u00e1n Pareja<\/strong>, era la cuenta libertaria de la Provincia quien confirm\u00f3 la novedad.&nbsp;<\/p>\n\n\n\n<p>Si seguimos este efecto domin\u00f3, era una&nbsp;<strong>nueva manifestaci\u00f3n de supremac\u00eda del parejismo por sobre el resto de las l\u00edneas internas de LLA<\/strong>, por ejemplo&nbsp;<em>Las Fuerzas del Cielo, que tienen como referencia a Guillermo Lascano y Celeste Arouxet en nuestra ciudad<\/em>.<\/p>\n\n\n\n<p>Hasta que lleg\u00f3 el&nbsp;<strong>movimiento, casi inmediato de las fichas locales<\/strong>: con&nbsp;<strong>nota dirigida al Presidente del HCD, Guillermo Lascano solicitaba volver a su banca en el Concejo<\/strong>, adem\u00e1s de renunciar a su dieta como edil para&nbsp;<strong>cobrar solamente el salario en el cargo de PAMI Olavarr\u00eda<\/strong>.<\/p>\n\n\n\n<p>\u00bfPor qu\u00e9 el movimiento fue sugerente? En ese momento,&nbsp;<strong>parec\u00eda una movida de castigo pol\u00edtico al suplente que ocupaba la banca<\/strong>&nbsp;\u2026 Oliver Gamondi. M\u00e1s all\u00e1 de las explicaciones que ahora contaremos, la interpretaci\u00f3n fue inmediata: una sanci\u00f3n por la foto de Gamondi con Por M\u00e1s Libertad, lo que podr\u00eda profundizar la sangr\u00eda de concejales de la bancada libertaria.&nbsp;<\/p>\n\n\n\n<p>De hecho, se especul\u00f3 con que su regreso a la banca estaba relacionado con&nbsp;<strong>un probable corrimiento de PAMI para que asumiera \u2026 Oliver Gamondi en su lugar.<\/strong>&nbsp;Esto, por ahora, forma parte de<strong>&nbsp;rumores y versiones<\/strong>&nbsp;que circularon en la semana pero que no pasaron de eso.<\/p>\n\n\n\n<p>Como dec\u00edamos,&nbsp;<strong>Lascano sali\u00f3 a hablar&nbsp;<\/strong>y explicar las razones de su regreso. Su versi\u00f3n dista y mucho de toda la especulaci\u00f3n que rode\u00f3 el movimiento: inform\u00f3 que su vuelta al Legislativo local&nbsp;<strong>\u201ces moment\u00e1nea\u201d<\/strong>&nbsp;y la fech\u00f3&nbsp;<strong>\u201chasta que comiencen las sesiones ordinarias del 2026\u201d<\/strong>. Consider\u00f3 que en estos tres meses \u201csi bien entra en receso el Concejo Deliberante, hay<strong>&nbsp;una situaci\u00f3n que, para este espacio pol\u00edtico, es estrat\u00e9gica donde va a tratar la conformaci\u00f3n de las comisiones, las autoridades del Concejo y un proyecto sumamente interesante como es el Presupuesto\u201d<\/strong>.<\/p>\n\n\n\n<figure class=\"wp-block-image size-full\"><img data-recalc-dims=\"1\" loading=\"lazy\" decoding=\"async\" width=\"800\" height=\"445\" src=\"https:\/\/i0.wp.com\/cdnoticias.com\/wp-content\/uploads\/2023\/08\/guillermo-lascano.jpg?resize=800%2C445&#038;ssl=1\" alt=\"\" class=\"wp-image-94881\" srcset=\"https:\/\/i0.wp.com\/cdnoticias.com\/wp-content\/uploads\/2023\/08\/guillermo-lascano.jpg?w=800&amp;ssl=1 800w, https:\/\/i0.wp.com\/cdnoticias.com\/wp-content\/uploads\/2023\/08\/guillermo-lascano.jpg?resize=300%2C167&amp;ssl=1 300w, https:\/\/i0.wp.com\/cdnoticias.com\/wp-content\/uploads\/2023\/08\/guillermo-lascano.jpg?resize=768%2C427&amp;ssl=1 768w\" sizes=\"auto, (max-width: 800px) 100vw, 800px\" \/><\/figure>\n\n\n\n<p>\u00bfTraducido? Buscar\u00e1&nbsp;<strong>\u201cdar una mano\u201d a los concejales que ingresar\u00e1n<\/strong>&nbsp;desde el 10 de diciembre, ya que todos tendr\u00e1n su primera experiencia en el Concejo Deliberante. Y despu\u00e9s de asumir, como m\u00e1ximo en 15 o 20 d\u00edas tendr\u00e1n que votar el Presupuesto 2026, con todo lo que eso implica.<\/p>\n\n\n\n<p>Sin embargo, y m\u00e1s all\u00e1 de que habl\u00f3 bien de Gamondi en su trabajo legislativo, explic\u00f3 que \u201clo hablamos en las \u00faltimas cinco reuniones, antes de las elecciones, despu\u00e9s de las elecciones, se viene hablando\u201d. Y sigui\u00f3&nbsp;<strong>&#8220;el problema es que es importante tambi\u00e9n participar, \u00bfno? Si vos a una reuni\u00f3n de producci\u00f3n no vas<\/strong>, a la segunda no vas, a la tercera reuni\u00f3n no vas con todo el equipo que ten\u00e9s, bueno, sent\u00eds como que no se ven\u00eda tratando el tema\u201d. Atribuy\u00f3 estas ausencias a la actividad privada de Gamondi, que es m\u00e9dico.<\/p>\n\n\n\n<p>\u201cOliver es una persona sumamente inteligente, milita las ideas de la libertad. Es una situaci\u00f3n circunstancial y es el suplente m\u00edo\u201d. Subray\u00f3 nuevamente que<strong>&nbsp;su regreso al HCD \u201cno tiene nada que ver con algo personal<\/strong>. Est\u00e1 relacionado con un determinado perfil de trabajo que hay que realizar\u201d.<\/p>\n\n\n\n<p>Pero en el aire la sensaci\u00f3n rara qued\u00f3. Tan rara, que el propio&nbsp;<strong>Gamondi dio otra versi\u00f3n de los hechos: se\u00f1al\u00f3 que no hubo previo aviso<\/strong>&nbsp;aunque sab\u00eda la situaci\u00f3n moment\u00e1nea.&nbsp;<strong>\u201cLa verdad que no me lo esperaba, obviamente yo era suplente, en cualquier momento pod\u00eda pasar esto, pero s\u00ed, la verdad que me sorprendi\u00f3\u201d<\/strong>. Y sum\u00f3: \u201cla explicaci\u00f3n que me dieron fue un poco lo que estuvo girando por algunos medios, referido a que aparentemente ser\u00eda moment\u00e1neo hasta marzo para organizar el bloque y ver el tema del presupuesto.&nbsp;<strong>Si es as\u00ed, la verdad en lo personal no estoy de acuerdo con este tipo de maniobras\u201d<\/strong>.<\/p>\n\n\n\n<figure class=\"wp-block-image size-full\"><img data-recalc-dims=\"1\" loading=\"lazy\" decoding=\"async\" width=\"800\" height=\"445\" src=\"https:\/\/i0.wp.com\/cdnoticias.com\/wp-content\/uploads\/2024\/09\/HCD-oliver-gamondi-04.jpg?resize=800%2C445&#038;ssl=1\" alt=\"\" class=\"wp-image-125193\" srcset=\"https:\/\/i0.wp.com\/cdnoticias.com\/wp-content\/uploads\/2024\/09\/HCD-oliver-gamondi-04.jpg?w=1000&amp;ssl=1 1000w, https:\/\/i0.wp.com\/cdnoticias.com\/wp-content\/uploads\/2024\/09\/HCD-oliver-gamondi-04.jpg?resize=300%2C167&amp;ssl=1 300w, https:\/\/i0.wp.com\/cdnoticias.com\/wp-content\/uploads\/2024\/09\/HCD-oliver-gamondi-04.jpg?resize=768%2C427&amp;ssl=1 768w, https:\/\/i0.wp.com\/cdnoticias.com\/wp-content\/uploads\/2024\/09\/HCD-oliver-gamondi-04.jpg?resize=800%2C445&amp;ssl=1 800w\" sizes=\"auto, (max-width: 800px) 100vw, 800px\" \/><\/figure>\n\n\n\n<p>De hecho,&nbsp;<strong>acus\u00f3 a Lascano de \u201crosquear\u201d,<\/strong>&nbsp;algo que lo pone en la vereda de enfrente de su modo de ver la pol\u00edtica. \u201cYo desde marzo del a\u00f1o pasado hasta ac\u00e1 jam\u00e1s utilic\u00e9 la banca para hacer rosca, lo \u00fanico que hice fue utilizar la banca para presentar proyectos y para trabajar con la gente. Y listo. Si te gusta bien y sino ya fue. As\u00ed soy yo\u201d, remarc\u00f3.<\/p>\n\n\n\n<p>Dijo que dentro del Concejo fue<strong>&nbsp;criticado por no negociar iniciativas&nbsp;<\/strong>con otros bloques y afirm\u00f3 que \u201cyo no iba a negociar los proyectos con los otros. No porque fuera mala onda sino porque simplemente<strong>&nbsp;yo iba, presentaba proyectos y si vos est\u00e1s de acuerdo, bien. Si no, bueno, ya est\u00e1\u201d<\/strong>. No vamos a mentirles, es&nbsp;<strong>una postura bastante particular.<\/strong>&nbsp;Pero hay muchos perfiles de dirigentes pol\u00edticos y&nbsp;<strong>La Libertad Avanza lleg\u00f3 para romper con mucho de lo establecido. Esta postura de Oliver Gamondi es un buen ejemplo<\/strong>.<\/p>\n\n\n\n<p>Y vale la pena la reflexi\u00f3n: analizar a La Libertad Avanza bajo los ojos de la \u201cpol\u00edtica tradicional\u201d a veces es cometer un error. Cuando parec\u00eda cantado que los cambios en los organismos nacionales eran inmediatos por el avance de Pareja, por ahora tanto Arouxet y Lascano contin\u00faan en Anses y PAMI, como as\u00ed tambi\u00e9n integran Las Fuerzas del Cielo y el&nbsp;<strong>Congreso libertario de este domingo en Mar del Plata promete una foto de unidad fuerte con Karina Milei como dirigente principal&nbsp;<\/strong>\u2026 \u00bfy el lanzamiento simb\u00f3lico de Pareja como candidato a Gobernador bonaerense?<\/p>\n\n\n\n<p><strong>El r\u00edo suena<\/strong><\/p>\n\n\n\n<p>Tampoco nos hagamos los distra\u00eddos:&nbsp;<strong>durante toda la semana los rumores sobre cambios en los organismos nacionales fueron muy fuertes<\/strong>. Desde el movimiento de Lascano, pasando por la foto de Gamondi y las fuertes internas que tienen los sectores libertarios. No precisamente los locales, que las tienen, sino los provinciales y nacionales.&nbsp;<\/p>\n\n\n\n<p>Un reconocido dirigente local confirm\u00f3 a este newsletter que&nbsp;<strong>existieron llamados para ampliar la base libertaria local y fueron ofrecidos \u2026 los cargos de los organismos nacionales. El dirigente rechaz\u00f3 el ofrecimiento<\/strong>, pero dej\u00f3 entrever que el r\u00edo sonaba. Y c\u00f3mo.<\/p>\n\n\n\n<p>A eso se le suma la&nbsp;<strong>construcci\u00f3n y la fortaleza de la juventud libertaria seccional<\/strong>, en contrapartida con Las Fuerzas del Cielo que han armado en algunos distritos y tambi\u00e9n se preparan para tener un<strong>&nbsp;armado seccional.<\/strong><\/p>\n\n\n\n<p>Y adivinen \u2026 hay m\u00e1s. En la semana el portal S\u00e9ptima Secci\u00f3n cont\u00f3 sobre&nbsp;<strong>un grupo de dirigentes que comenzaron a reunirse y consolidar un espacio seccional que busca jugar \u201cpor afuera\u201d<\/strong>&nbsp;de los principales frentes pero confluyen en una referencia.<\/p>\n\n\n\n<p>La nota period\u00edstica da cuenta de varios encuentros donde estuvieron presentes&nbsp;<strong>representantes de 25 de Mayo, Saladillo, Roque P\u00e9rez, Bol\u00edvar y General Alvear<\/strong>. Entre los nombres que participan del armado aparecen el&nbsp;<strong>intendente de 25 de Mayo, Ramiro Eg\u00fcen<\/strong>, y quienes encabezaron listas en las pasadas legislativas con grandes triunfos y grandes resultados como&nbsp;<strong>Mercedes Squillaci, Vladimir Wuiovich, Juancho Cravero, Nicol\u00e1s Mor\u00e1n y Martiniano Valerga<\/strong>. Una de las \u00faltimas reuniones se llev\u00f3 adelante en Saladillo. \u00bfHay puntos en com\u00fan?&nbsp;<strong>Hay much\u00edsimos ex Juntos por el Cambio \u2026 y muchos apoyaron al actual ministro del Interior, Diego Santilli<\/strong>.<\/p>\n\n\n\n<p>Recordemos que&nbsp;<strong>el ex intendente Ezequiel Galli<\/strong>&nbsp;se describe como \u201cel referente seccional del santillismo en la Secci\u00f3n\u201d y adem\u00e1s lo menciona como potencial candidato a Gobernador. \u00bfHay relaci\u00f3n entre una cosa y la otra? Este newsletter logr\u00f3 saber que no \u2026 por ahora. Pero hay puntos en com\u00fan.&nbsp;<a href=\"https:\/\/septimaseccion.com.ar\/dirigentes-de-la-seccion-avanzan-en-la-creacion-de-un-nuevo-sector-y-ya-tienen-fecha-de-presentacion\/%C2%A0\" target=\"_blank\" rel=\"noreferrer noopener\">Les dejamos la nota en cuesti\u00f3n, ustedes sacar\u00e1n sus propias conclusiones.<\/a><\/p>\n\n\n\n<p>Lo parad\u00f3jico del caso es que esta gente no da descanso. Pas\u00f3 poco m\u00e1s de un mes de las legislativas nacionales y todos se preparan para 2027. \u00a1Al menos d\u00e9jenos llegar a enero, una vacaci\u00f3n, algo!<\/p>\n\n\n\n<p><strong>Que Dios y la Patria se lo demanden<\/strong><\/p>\n\n\n\n<p><strong>Este viernes&nbsp;<\/strong>-un poco antes de lo esperado-&nbsp;<strong>los 10 nuevos concejales asumir\u00e1n sus bancas en el HCD<\/strong>, en lo que ser\u00e1 una nueva reconfiguraci\u00f3n tras las elecciones del pasado 7 de septiembre.<\/p>\n\n\n\n<p><strong>La entrega de diplomas, seg\u00fan se explic\u00f3, se adelant\u00f3&nbsp;<\/strong>y eso permiti\u00f3 que la jura se pueda realizar antes del 10 de diciembre. Este paso, si bien habilita a poder ejercer como concejales, se efectivizar\u00e1 justamente dentro de 10 d\u00edas.&nbsp;<\/p>\n\n\n\n<p>El acto de jura ser\u00e1&nbsp;<strong>el viernes 5 de diciembre a las 19 horas<\/strong>. Adem\u00e1s, recordemos, ser\u00e1 la&nbsp;<strong>elecci\u00f3n de autoridades<\/strong>, una competencia que pareciera tener un&nbsp;<strong>final previsible<\/strong>&nbsp;\u2026 aunque nunca se sabe.<\/p>\n\n\n\n<p>Asumir\u00e1n, vale recordar, Leonardo Yunger, Luc\u00eda Palacios, Juani Moreno, Telma Cazot, Gast\u00f3n Sarachu y Natalia \u00c1lvarez por Fuerza Patria, mientras que Nicol\u00e1s Zampini, Eugenia Dumerauf y Luciana Islas por La Libertad Avanza. Marcelino Quinteros Videla ingres\u00f3 al cuerpo por LLA pero es el representante del PRO, y se estima que ir\u00e1 a uno de los dos bloques que tiene el espacio, o PRO Olavarr\u00eda o Juntos por Olavarr\u00eda. Durante la semana&nbsp;<strong>Guillermo Lascano habl\u00f3 de su intenci\u00f3n de construir un \u201cinterbloque\u201d<\/strong>, pero aclar\u00f3 que es algo que est\u00e1 en armado.<\/p>\n\n\n\n<figure class=\"wp-block-image size-full\"><img data-recalc-dims=\"1\" loading=\"lazy\" decoding=\"async\" width=\"800\" height=\"445\" src=\"https:\/\/i0.wp.com\/cdnoticias.com\/wp-content\/uploads\/2024\/08\/HCd-guillermo-santellan.jpg?resize=800%2C445&#038;ssl=1\" alt=\"\" class=\"wp-image-122468\" srcset=\"https:\/\/i0.wp.com\/cdnoticias.com\/wp-content\/uploads\/2024\/08\/HCd-guillermo-santellan.jpg?w=1000&amp;ssl=1 1000w, https:\/\/i0.wp.com\/cdnoticias.com\/wp-content\/uploads\/2024\/08\/HCd-guillermo-santellan.jpg?resize=300%2C167&amp;ssl=1 300w, https:\/\/i0.wp.com\/cdnoticias.com\/wp-content\/uploads\/2024\/08\/HCd-guillermo-santellan.jpg?resize=768%2C427&amp;ssl=1 768w, https:\/\/i0.wp.com\/cdnoticias.com\/wp-content\/uploads\/2024\/08\/HCd-guillermo-santellan.jpg?resize=800%2C445&amp;ssl=1 800w\" sizes=\"auto, (max-width: 800px) 100vw, 800px\" \/><\/figure>\n\n\n\n<p>La l\u00f3gica -y los votos- indican que<strong>&nbsp;el oficialismo retendr\u00e1 la Presidencia y todos los caminos conducen a una reelecci\u00f3n de Guillermo Santell\u00e1n<\/strong>&nbsp;al frente del cuerpo, completando su mandato de 4 a\u00f1os en ese lugar. Todo lo dem\u00e1s est\u00e1 por verse: como ya anticip\u00f3 Guillermo Lascano, el trabajo estar\u00e1 en&nbsp;<strong>tratar de generar la mayor y mejor representatividad en las comisiones<\/strong>, algo que parece intrascendente pero no lo es, para nada.<\/p>\n\n\n\n<p>De todas maneras entramos en un Concejo donde&nbsp;<strong>el oficialismo tendr\u00e1 lo que se conoce como \u201cmayor\u00eda autom\u00e1tica\u201d: es decir, tendr\u00e1 10 votos<\/strong>&nbsp;y contar\u00e1 con el<strong>&nbsp;doble voto del Presidente<\/strong>&nbsp;por lo que tendr\u00e1 el camino un poco m\u00e1s allanado para impulsar propuestas.&nbsp;<\/p>\n\n\n\n<p>Sin embargo \u2026 es una situaci\u00f3n que por lo general pasa poco, pero no deja de ser una probabilidad concreta:&nbsp;<strong>el oficialismo no tiene qu\u00f3rum<\/strong>, que se da con 11 votos.&nbsp;<strong>Si la oposici\u00f3n as\u00ed lo deseara, podr\u00eda pararse y dejar en minor\u00eda el cuerpo deliberativo, haciendo caer las sesiones<\/strong>. Veremos si es una estrategia que se usa de ac\u00e1 a fin de a\u00f1o de m\u00ednima.&nbsp;<\/p>\n\n\n\n<p>Un dato a tener en cuenta es que<strong>&nbsp;la atomizaci\u00f3n de la oposici\u00f3n&nbsp;<\/strong>ser\u00e1 muy importante: Fuerza Patria tendr\u00e1 10 ediles y luego se distribuyen en UCR (Francisco Gonz\u00e1lez), PRO Olavarr\u00eda (Hilario Galli y Marcelino Quinteros Videla), Juntos por Olavarr\u00eda (Guillermina Amespil), Por M\u00e1s Libertad (Marcelo Petehs y Mariela Casamayor) y La Libertad Avanza (Guillermo Lascano por ahora, Nicol\u00e1s Zampini, Luciana Islas, Eugenia Dumerauf).<\/p>\n\n\n\n<p><strong>El debate que viene<\/strong><\/p>\n\n\n\n<p>El viernes venci\u00f3 el plazo y ese d\u00eda<strong>&nbsp;se present\u00f3 el proyecto de Presupuesto 2026<\/strong>&nbsp;para Olavarr\u00eda. Con&nbsp;<strong>una (1) foto oficial<\/strong>, se mostr\u00f3 que Maximiliano Wesner y la secretaria de Hacienda, Eugenia Bezzoni, entregaron los documentos al presidente del Concejo Deliberante, Guillermo Santell\u00e1n, y al secretario Mariano Ferro. Sin mayores datos y sin respuesta ante la consulta de prensa, se difundi\u00f3 la informaci\u00f3n durante la tarde.<\/p>\n\n\n\n<p>Se estimaron<strong>&nbsp;gastos por 138,2 mil millones de pesos<\/strong>&nbsp;para el a\u00f1o que viene (alrededor de 35% m\u00e1s que lo aprobado en el presupuesto 2025).<\/p>\n\n\n\n<p>La informaci\u00f3n que dio el Municipio abunda en obras que se planifican ejecutar, pero eso fue precedido por un p\u00e1rrafo que&nbsp;<strong>subraya la ca\u00edda de recursos<\/strong>. Y esta vez, no s\u00f3lo se apunt\u00f3 a la baja del&nbsp;<strong>Derecho de Explotaci\u00f3n de Canteras<\/strong>&nbsp;sino tambi\u00e9n a la&nbsp;<strong>Coparticipaci\u00f3n provincial<\/strong>.<\/p>\n\n\n\n<figure class=\"wp-block-image size-large\"><img data-recalc-dims=\"1\" loading=\"lazy\" decoding=\"async\" width=\"800\" height=\"483\" src=\"https:\/\/i0.wp.com\/cdnoticias.com\/wp-content\/uploads\/2025\/11\/WhatsApp-Image-2025-11-28-at-19.05.49-e1764369955710-1024x618.jpeg?resize=800%2C483&#038;ssl=1\" alt=\"\" class=\"wp-image-189049\" srcset=\"https:\/\/i0.wp.com\/cdnoticias.com\/wp-content\/uploads\/2025\/11\/WhatsApp-Image-2025-11-28-at-19.05.49-e1764369955710.jpeg?resize=1024%2C618&amp;ssl=1 1024w, https:\/\/i0.wp.com\/cdnoticias.com\/wp-content\/uploads\/2025\/11\/WhatsApp-Image-2025-11-28-at-19.05.49-e1764369955710.jpeg?resize=300%2C181&amp;ssl=1 300w, https:\/\/i0.wp.com\/cdnoticias.com\/wp-content\/uploads\/2025\/11\/WhatsApp-Image-2025-11-28-at-19.05.49-e1764369955710.jpeg?resize=768%2C463&amp;ssl=1 768w, https:\/\/i0.wp.com\/cdnoticias.com\/wp-content\/uploads\/2025\/11\/WhatsApp-Image-2025-11-28-at-19.05.49-e1764369955710.jpeg?resize=1536%2C926&amp;ssl=1 1536w, https:\/\/i0.wp.com\/cdnoticias.com\/wp-content\/uploads\/2025\/11\/WhatsApp-Image-2025-11-28-at-19.05.49-e1764369955710.jpeg?w=1600&amp;ssl=1 1600w\" sizes=\"auto, (max-width: 800px) 100vw, 800px\" \/><\/figure>\n\n\n\n<p>Sobre el primero, se detall\u00f3 que&nbsp;<strong>&#8220;de haberse podido presupuestar las toneladas declaradas en 2023, el Municipio contar\u00eda con $5.000 millones adicionales&#8221;.<\/strong>&nbsp;Y sobre los ingresos desde Provincia, se indic\u00f3 que&nbsp;<strong>baj\u00f3 dos puntos la proporci\u00f3n en el total de los ingresos: en 2023 era 35% y para 2026 se proyect\u00f3 en el 33%<\/strong>.<\/p>\n\n\n\n<p>En cuanto a las&nbsp;<strong>obras<\/strong>, se incluyeron pavimentaci\u00f3n en dos barrios, construcci\u00f3n de 20 viviendas, ampliaci\u00f3n del Cementerio Loma de Paz y del Relleno Sanitario y la segunda etapa del Centro Deportivo y Recreativo Diego Armando Maradona.&nbsp;<\/p>\n\n\n\n<p>Adem\u00e1s, el a\u00f1o que viene empezar\u00e1 a&nbsp;<strong>regir la afectaci\u00f3n de fondos de Seguridad e Higiene<\/strong>. Si bien a\u00fan no se conoce la reglamentaci\u00f3n de la ordenanza, en lo anunciado se mencion\u00f3 la construcci\u00f3n de la playa de camiones en inmediaciones de la Zona de Actividades Log\u00edsticas de Olavarr\u00eda, mejoras en agrupamientos industriales y &#8220;trabajos financiados con el Fondo de Infraestructura Comercial y Empresarial&#8221;.<\/p>\n\n\n\n<p>Se detallaron los destinos de $700 millones al plan trienal de incorporaci\u00f3n de aparatolog\u00eda para el \u00e1rea de Salud y de $2.862 millones en infraestructura escolar. (<a href=\"https:\/\/www.olavarria.gov.ar\/con-inversion-en-obras-y-equipamiento-wesner-presento-el-presupuesto-2026-en-el-hcd\/\" target=\"_blank\" rel=\"noreferrer noopener\">ac\u00e1 el detalle con todos los anuncios<\/a>)<\/p>\n\n\n\n<p>En breve comenzar\u00e1 el&nbsp;<strong>debate en comisiones<\/strong>&nbsp;y se conocer\u00e1n m\u00e1s precisiones del contenido de la propuesta del Ejecutivo de la que se descarta la aprobaci\u00f3n en las condiciones en que quedar\u00e1 el oficialismo en el Concejo.<\/p>\n\n\n\n<figure class=\"wp-block-image size-full\"><img data-recalc-dims=\"1\" loading=\"lazy\" decoding=\"async\" width=\"800\" height=\"445\" src=\"https:\/\/i0.wp.com\/cdnoticias.com\/wp-content\/uploads\/2025\/11\/aniversario-olavarria-2025-07.jpg?resize=800%2C445&#038;ssl=1\" alt=\"\" class=\"wp-image-188779\" srcset=\"https:\/\/i0.wp.com\/cdnoticias.com\/wp-content\/uploads\/2025\/11\/aniversario-olavarria-2025-07.jpg?w=1000&amp;ssl=1 1000w, https:\/\/i0.wp.com\/cdnoticias.com\/wp-content\/uploads\/2025\/11\/aniversario-olavarria-2025-07.jpg?resize=300%2C167&amp;ssl=1 300w, https:\/\/i0.wp.com\/cdnoticias.com\/wp-content\/uploads\/2025\/11\/aniversario-olavarria-2025-07.jpg?resize=768%2C427&amp;ssl=1 768w, https:\/\/i0.wp.com\/cdnoticias.com\/wp-content\/uploads\/2025\/11\/aniversario-olavarria-2025-07.jpg?resize=800%2C445&amp;ssl=1 800w\" sizes=\"auto, (max-width: 800px) 100vw, 800px\" \/><\/figure>\n\n\n\n<p>A todo esto, mencionemos que la presentaci\u00f3n de los gastos e inversiones en el Concejo tuvo un&nbsp;<strong>sutil antecedente<\/strong>. En el&nbsp;<strong>acto protocolar por el 158\u00ba aniversario de Olavarr\u00eda Maximiliano Wesner aprovech\u00f3 su intervenci\u00f3n para hacer un repaso de sus casi dos a\u00f1os de mandato<\/strong>. Frente al monumento del fundador y ante un marco de importante (y muy heterog\u00e9nea) asistencia para este tipo de acto, sorprendi\u00f3 con un discurso que busc\u00f3 mostrar la impronta de su gesti\u00f3n en materia de destino de fondos: prioridades y obras, podemos resumir.<\/p>\n\n\n\n<p><strong>\u201cEs un camino trazado que vamos tranqueando con hechos concretos, con pol\u00edticas p\u00fablicas que tratamos mediante ellas que cada uno de los olavarrienses pueda vivir un poco mejor, que elija la ciudad todos los d\u00edas\u201d<\/strong>&nbsp;dijo. Nombr\u00f3 las obras en escuelas, en los servicios de salud, en h\u00e1bitat, mejoras urbanas y tambi\u00e9n destac\u00f3 las gestiones en apoyo a instituciones que brindan contenci\u00f3n y posibilidad de desarrollo a distintos sectores como Talleres Protegidos y los clubes deportivos.<\/p>\n\n\n\n<p>La enumeraci\u00f3n termin\u00f3 como antesala del proyecto de ordenanza y dej\u00f3 trazado el&nbsp;<strong>lineamiento entre lo que ya se hizo y lo que se proyecta para el a\u00f1o que viene<\/strong>.<\/p>\n\n\n\n<p><strong>Dos notas al pie<\/strong><\/p>\n\n\n\n<p>El proyecto de endeudamiento del Gobernador al final no se trat\u00f3 y, por lo tanto,&nbsp;<strong>no qued\u00f3 a\u00fan en pie el fondo de infraestructura para municipios<\/strong>. El debate en la Legislatura no asegura por ahora la aprobaci\u00f3n y, de seguir as\u00ed,&nbsp;<strong>la gesti\u00f3n bonaerense estar\u00e1 m\u00e1s complicada a\u00fan en 2026<\/strong>.<\/p>\n\n\n\n<p>En lo que nos importa ac\u00e1, se\u00f1alamos que&nbsp;<strong>de aprobarse, se sumar\u00edan m\u00e1s fondos para Olavarr\u00eda con afectaci\u00f3n a obras p\u00fablicas<\/strong>.<\/p>\n\n\n\n<p>S\u00ed se aprob\u00f3 el<strong>\u00a0Presupuesto 2026 bonaerense<\/strong>\u00a0que contemplaba 10.500 millones para la <strong>terminaci\u00f3n del edificio del Polo Judicial<\/strong>, 400 millones de pesos para la<strong>\u00a0pavimentaci\u00f3n de los barrios Lourdes y Trabajadores I<\/strong>,\u00a0 y 2.344 millones de pesos para el inicio del\u00a0<strong>Colector Cloacal Norte<\/strong>. Asimismo se contempla la\u00a0<strong>construcci\u00f3n de autov\u00eda en la ruta 51 de Olavarr\u00eda a Loma Negra<\/strong>.<\/p>\n\n\n\n<p>Por otro lado, hay un tema sobre el que&nbsp;<strong>el Ejecutivo (el intendente y sus principales funcionarios) se mantiene en el m\u00e1s absoluto silencio<\/strong>&nbsp;y sobre el que esperamos aunque sea un indicio:&nbsp;<strong>el servicio de electricidad.<\/strong>&nbsp;El Municipio hizo el primer movimiento dando por finalizado el contrato, Coopelectric respondi\u00f3 con un \u201cvale por m\u00e1s a\u00f1os\u201d de una medida provincial y despu\u00e9s \u2026 nada.<strong>&nbsp;\u00bfHabr\u00e1 nueva licitaci\u00f3n del servicio en 2026?&nbsp;<\/strong><\/p>\n\n\n\n<p><\/p>\n\n\n\n<h2 class=\"wp-block-heading\">El newsletter<\/h2>\n\n\n\n<p>Esta publicaci\u00f3n es parte de la edici\u00f3n de este domingo del newsletter&nbsp;Volver&nbsp;a las&nbsp;Fuentes&nbsp;que escriben Alexis Grierson y Josefina Bargas&nbsp;al que se puede&nbsp;<a href=\"https:\/\/mailchi.mp\/ab0b4b16a3b3\/un-cambio-en-la-previa-de-los-cambios?e=e4ffb04d40\" target=\"_blank\" rel=\"noreferrer noopener\">acceder aqu\u00ed<\/a>. Tiene un sistema de suscripci\u00f3n econ\u00f3mica y aportes \u00fanicos al que se puede&nbsp;<a href=\"https:\/\/linktr.ee\/volveralasfuentes\" target=\"_blank\" rel=\"noreferrer noopener\">acceder aqu\u00ed<\/a>.<\/p>\n","protected":false},"excerpt":{"rendered":"<p>El regreso de Guillermo Lascano al HCD y todas las interpretaciones en el universo libertario. Una foto con nuevas cercan\u00edas<\/p>\n","protected":false},"author":4,"featured_media":188928,"comment_status":"closed","ping_status":"closed","sticky":false,"template":"","format":"standard","meta":{"_jetpack_memberships_contains_paid_content":false,"footnotes":""},"categories":[4,1],"tags":[],"class_list":["post-189171","post","type-post","status-publish","format-standard","has-post-thumbnail","hentry","category-politica","category-portada"],"jetpack_featured_media_url":"https:\/\/i0.wp.com\/cdnoticias.com\/wp-content\/uploads\/2025\/11\/La-Libertad-Avanza-Septima-Seccion-gamondi-petehs-casamayor.jpg?fit=1000%2C556&ssl=1","jetpack_sharing_enabled":true,"_links":{"self":[{"href":"https:\/\/cdnoticias.com\/index.php\/wp-json\/wp\/v2\/posts\/189171","targetHints":{"allow":["GET"]}}],"collection":[{"href":"https:\/\/cdnoticias.com\/index.php\/wp-json\/wp\/v2\/posts"}],"about":[{"href":"https:\/\/cdnoticias.com\/index.php\/wp-json\/wp\/v2\/types\/post"}],"author":[{"embeddable":true,"href":"https:\/\/cdnoticias.com\/index.php\/wp-json\/wp\/v2\/users\/4"}],"replies":[{"embeddable":true,"href":"https:\/\/cdnoticias.com\/index.php\/wp-json\/wp\/v2\/comments?post=189171"}],"version-history":[{"count":0,"href":"https:\/\/cdnoticias.com\/index.php\/wp-json\/wp\/v2\/posts\/189171\/revisions"}],"wp:featuredmedia":[{"embeddable":true,"href":"https:\/\/cdnoticias.com\/index.php\/wp-json\/wp\/v2\/media\/188928"}],"wp:attachment":[{"href":"https:\/\/cdnoticias.com\/index.php\/wp-json\/wp\/v2\/media?parent=189171"}],"wp:term":[{"taxonomy":"category","embeddable":true,"href":"https:\/\/cdnoticias.com\/index.php\/wp-json\/wp\/v2\/categories?post=189171"},{"taxonomy":"post_tag","embeddable":true,"href":"https:\/\/cdnoticias.com\/index.php\/wp-json\/wp\/v2\/tags?post=189171"}],"curies":[{"name":"wp","href":"https:\/\/api.w.org\/{rel}","templated":true}]}}