{"id":18917,"date":"2021-04-15T11:40:16","date_gmt":"2021-04-15T14:40:16","guid":{"rendered":"http:\/\/www.centraldenoticias.com.ar\/?p=18917"},"modified":"2021-04-15T12:33:19","modified_gmt":"2021-04-15T15:33:19","slug":"sesion-especial-para-debatir-la-ordenanza-sobre-medidas-sanitarias-ante-la-pandemia","status":"publish","type":"post","link":"https:\/\/cdnoticias.com\/index.php\/2021\/04\/15\/sesion-especial-para-debatir-la-ordenanza-sobre-medidas-sanitarias-ante-la-pandemia\/","title":{"rendered":"Sesi\u00f3n especial para debatir la ordenanza sobre medidas sanitarias ante la pandemia"},"content":{"rendered":"<p>Se celebrar\u00e1 este viernes desde las 9. Ser\u00e1 la primera sesi\u00f3n virtual del Concejo y se transmitir\u00e1 online.<!--more--><\/p>\n<hr \/>\n<p><strong>Este viernes sesionar\u00e1 el Concejo Deliberante para debatir el proyecto de ordenanza que impuls\u00f3 el bloque oficialista sobre las medidas sanitarias ante la pandemia.<\/strong><\/p>\n<p>&nbsp;<\/p>\n<blockquote><p>La sesi\u00f3n especial comenzar\u00e1 a las 9 de la ma\u00f1ana y ser\u00e1 la primera en desarrollarse en formato virtual para el Legislativo de Olavarr\u00eda.<\/p><\/blockquote>\n<p>&nbsp;<\/p>\n<p>En ese sentido, se aclar\u00f3 que <strong>se transmitir\u00e1 online en vivo por Youtube<\/strong>, como todas las sesiones habitualmente.<\/p>\n<p>&nbsp;<\/p>\n<p>Mediante un <strong>decreto del presidente del Concejo Deliberante<\/strong> se convoc\u00f3 a la \u201csesi\u00f3n especial, de manera virtual\u201d en el marco del decreto del HCD 72\/20 mediante el que el a\u00f1o pasado se fijaron las normas y modalidad de las sesiones virtuales.<\/p>\n<p>&nbsp;<\/p>\n<p>El <strong>\u00fanico proyecto<\/strong> que estar\u00e1 en tratamiento es el que present\u00f3 Juntos por el Cambio que busca condensar en una sola normativa las disposiciones que rigen en cuanto a medidas de bioseguridad para la prevenci\u00f3n del Covid y <strong>endurecer las penas previstas<\/strong>.<\/p>\n<p>&nbsp;<\/p>\n<p>Tal como dej\u00f3 saber el <strong>presidente del bloque oficialista, Mart\u00edn Endere<\/strong>, el proyecto contempla<em> la obligatoriedad de uso de barbijo, las reuniones sociales, la obligatoriedad del aislamiento y las disposiciones acerca del funcionamiento de los comercios<\/em>.<\/p>\n<p>&nbsp;<\/p>\n<p>En cuanto al debate, la intenci\u00f3n de Juntos por el Cambio es lograr la <strong>aprobaci\u00f3n por unanimidad<\/strong> a fin de mostrar \u201cun mensaje del arco pol\u00edtico unificado\u201d.<\/p>\n","protected":false},"excerpt":{"rendered":"<p>Se celebrar\u00e1 este viernes desde las 9. Ser\u00e1 la primera sesi\u00f3n virtual del Concejo y se transmitir\u00e1 online.<\/p>\n","protected":false},"author":4,"featured_media":15924,"comment_status":"closed","ping_status":"closed","sticky":false,"template":"","format":"standard","meta":{"_jetpack_memberships_contains_paid_content":false,"footnotes":""},"categories":[4,1],"tags":[],"class_list":["post-18917","post","type-post","status-publish","format-standard","has-post-thumbnail","hentry","category-politica","category-portada"],"jetpack_featured_media_url":"https:\/\/i0.wp.com\/cdnoticias.com\/wp-content\/uploads\/2021\/03\/HCDsesion01.jpg?fit=800%2C445&ssl=1","jetpack_sharing_enabled":true,"_links":{"self":[{"href":"https:\/\/cdnoticias.com\/index.php\/wp-json\/wp\/v2\/posts\/18917","targetHints":{"allow":["GET"]}}],"collection":[{"href":"https:\/\/cdnoticias.com\/index.php\/wp-json\/wp\/v2\/posts"}],"about":[{"href":"https:\/\/cdnoticias.com\/index.php\/wp-json\/wp\/v2\/types\/post"}],"author":[{"embeddable":true,"href":"https:\/\/cdnoticias.com\/index.php\/wp-json\/wp\/v2\/users\/4"}],"replies":[{"embeddable":true,"href":"https:\/\/cdnoticias.com\/index.php\/wp-json\/wp\/v2\/comments?post=18917"}],"version-history":[{"count":0,"href":"https:\/\/cdnoticias.com\/index.php\/wp-json\/wp\/v2\/posts\/18917\/revisions"}],"wp:featuredmedia":[{"embeddable":true,"href":"https:\/\/cdnoticias.com\/index.php\/wp-json\/wp\/v2\/media\/15924"}],"wp:attachment":[{"href":"https:\/\/cdnoticias.com\/index.php\/wp-json\/wp\/v2\/media?parent=18917"}],"wp:term":[{"taxonomy":"category","embeddable":true,"href":"https:\/\/cdnoticias.com\/index.php\/wp-json\/wp\/v2\/categories?post=18917"},{"taxonomy":"post_tag","embeddable":true,"href":"https:\/\/cdnoticias.com\/index.php\/wp-json\/wp\/v2\/tags?post=18917"}],"curies":[{"name":"wp","href":"https:\/\/api.w.org\/{rel}","templated":true}]}}