{"id":189150,"date":"2025-11-30T18:27:30","date_gmt":"2025-11-30T21:27:30","guid":{"rendered":"https:\/\/cdnoticias.com\/?p=189150"},"modified":"2025-11-30T21:01:39","modified_gmt":"2025-12-01T00:01:39","slug":"dos-menores-de-edad-armados-fueron-aprehendidos","status":"publish","type":"post","link":"https:\/\/cdnoticias.com\/index.php\/2025\/11\/30\/dos-menores-de-edad-armados-fueron-aprehendidos\/","title":{"rendered":"Dos menores de edad armados fueron aprehendidos"},"content":{"rendered":"\n<p>Ocurri\u00f3 en avenida Avellaneda y Rivadavia donde los sospechosos participaban de una confrontaci\u00f3n. Un revolver fue secuestrado.\u00a0<\/p>\n\n\n\n<hr class=\"wp-block-separator aligncenter has-alpha-channel-opacity\"\/>\n\n\n\n<p>Este pasado viernes Comando de Patrullas Olavarr\u00eda<strong> aprehendi\u00f3 a dos j\u00f3venes menores de edad <\/strong>por la <strong>tenencia de un arma de fuego en una confrontaci\u00f3n.&nbsp;<\/strong><\/p>\n\n\n\n<p><\/p>\n\n\n\n<p>A ra\u00edz de un llamado al 911, personal policial lleg\u00f3 al lugar de la confrontaci\u00f3n entre varias personas en <strong>avenida Avellaneda y Rivadavia<\/strong> y procedieron a la <strong>identificaci\u00f3n de los involucrados en la pelea.\u00a0<\/strong><\/p>\n\n\n\n<p><\/p>\n\n\n\n<blockquote class=\"wp-block-quote is-layout-flow wp-block-quote-is-layout-flow\">\n<p>Al momento de realizar el cacheo preventivo un joven pose\u00eda un arma de fuego tipo revolver, calibre 22 largo, con cinco vainas servidas y una munici\u00f3n intacta en su cintura.&nbsp;<\/p>\n<\/blockquote>\n\n\n\n<p><\/p>\n\n\n\n<p>El hecho se caratul\u00f3 <strong>\u201cInfracci\u00f3n al art 189 bis del C.P\u201d<\/strong> e interviene la UFI N\u00b017 a cargo de la Dra. Viceconte.\u00a0Por \u00faltimo se recogi\u00f3 el arma de fuego y los menores de edad fueron entregados a un mayor responsable.\u00a0<\/p>\n\n\n\n<p><\/p>\n","protected":false},"excerpt":{"rendered":"<p>Ocurri\u00f3 en avenida Avellaneda y Rivadavia donde los sospechosos participaban de una confrontaci\u00f3n. Un revolver fue secuestrado.\u00a0 Este pasado viernes<\/p>\n","protected":false},"author":6,"featured_media":189153,"comment_status":"closed","ping_status":"closed","sticky":false,"template":"","format":"standard","meta":{"_jetpack_memberships_contains_paid_content":false,"footnotes":""},"categories":[14,1],"tags":[],"class_list":["post-189150","post","type-post","status-publish","format-standard","has-post-thumbnail","hentry","category-policiales","category-portada"],"jetpack_featured_media_url":"https:\/\/i0.wp.com\/cdnoticias.com\/wp-content\/uploads\/2025\/11\/arma-de-fuego-menor-de-edad.jpg?fit=815%2C505&ssl=1","jetpack_sharing_enabled":true,"_links":{"self":[{"href":"https:\/\/cdnoticias.com\/index.php\/wp-json\/wp\/v2\/posts\/189150","targetHints":{"allow":["GET"]}}],"collection":[{"href":"https:\/\/cdnoticias.com\/index.php\/wp-json\/wp\/v2\/posts"}],"about":[{"href":"https:\/\/cdnoticias.com\/index.php\/wp-json\/wp\/v2\/types\/post"}],"author":[{"embeddable":true,"href":"https:\/\/cdnoticias.com\/index.php\/wp-json\/wp\/v2\/users\/6"}],"replies":[{"embeddable":true,"href":"https:\/\/cdnoticias.com\/index.php\/wp-json\/wp\/v2\/comments?post=189150"}],"version-history":[{"count":0,"href":"https:\/\/cdnoticias.com\/index.php\/wp-json\/wp\/v2\/posts\/189150\/revisions"}],"wp:featuredmedia":[{"embeddable":true,"href":"https:\/\/cdnoticias.com\/index.php\/wp-json\/wp\/v2\/media\/189153"}],"wp:attachment":[{"href":"https:\/\/cdnoticias.com\/index.php\/wp-json\/wp\/v2\/media?parent=189150"}],"wp:term":[{"taxonomy":"category","embeddable":true,"href":"https:\/\/cdnoticias.com\/index.php\/wp-json\/wp\/v2\/categories?post=189150"},{"taxonomy":"post_tag","embeddable":true,"href":"https:\/\/cdnoticias.com\/index.php\/wp-json\/wp\/v2\/tags?post=189150"}],"curies":[{"name":"wp","href":"https:\/\/api.w.org\/{rel}","templated":true}]}}