{"id":189142,"date":"2025-11-30T10:30:37","date_gmt":"2025-11-30T13:30:37","guid":{"rendered":"https:\/\/cdnoticias.com\/?p=189142"},"modified":"2025-11-30T21:01:18","modified_gmt":"2025-12-01T00:01:18","slug":"accidente-en-ruta-3-fallecio-el-accidentado-que-estaba-en-grave-estado","status":"publish","type":"post","link":"https:\/\/cdnoticias.com\/index.php\/2025\/11\/30\/accidente-en-ruta-3-fallecio-el-accidentado-que-estaba-en-grave-estado\/","title":{"rendered":"Accidente en Ruta 3: falleci\u00f3 el accidentado que estaba en grave estado\u00a0"},"content":{"rendered":"\n<p>De esta manera son dos los fallecidos en el accidente que involucr\u00f3 un autom\u00f3vil y un cami\u00f3n.&nbsp;<\/p>\n\n\n\n<hr class=\"wp-block-separator aligncenter has-alpha-channel-opacity\"\/>\n\n\n\n<p>Luego del <a href=\"https:\/\/cdnoticias.com\/index.php\/2025\/11\/29\/tragico-accidente-en-ruta-3-una-persona-fallecio-y-otra-resulto-gravemente-herida\/\" target=\"_blank\" rel=\"noreferrer noopener\">tr\u00e1gico accidente en Ruta 3 que ocurri\u00f3 este s\u00e1bado a la altura del kil\u00f3metro 183<\/a> se confirm\u00f3 el f<strong>allecimiento del hombre que hab\u00eda sido trasladado en estado cr\u00edtico. <\/strong>Con esta nueva v\u00edctima, <strong>ya son dos los fallecidos en el tr\u00e1gico siniestro vial.<\/strong><\/p>\n\n\n\n<p><\/p>\n\n\n\n<p>El choque fue por la tarde en plena curva del trazado, cuando <strong>un autom\u00f3vil y un cami\u00f3n colisionaron de manera violenta<\/strong>. Hasta el lugar acudieron de inmediato los Bomberos Voluntarios de Las Flores, efectivos de la Polic\u00eda Vial y personal de Vialidad.<\/p>\n\n\n\n<p><\/p>\n\n\n\n<blockquote class=\"wp-block-quote is-layout-flow wp-block-quote-is-layout-flow\">\n<p>Uno de los ocupantes del autom\u00f3vil muri\u00f3 en el acto a causa del fuerte impacto. El segundo fue rescatado con vida y trasladado al hospital local en estado cr\u00edtico, donde horas m\u00e1s tarde se confirm\u00f3 su fallecimiento pese al esfuerzo del equipo m\u00e9dico.<\/p>\n<\/blockquote>\n\n\n\n<p><\/p>\n\n\n\n<p>Seg\u00fan informaci\u00f3n oficial, <strong>ambos hombres que viajaban en el autom\u00f3vil <\/strong>y que perdieron la vida <strong>eran oriundos de Las Flores y de San Miguel del Monte.<\/strong><\/p>\n\n\n\n<p><\/p>\n\n\n\n<p>Por \u00faltimo se indic\u00f3 que las autoridades trabajan para determinar las causas del siniestro, mientras que el tr\u00e1nsito en la zona permaneci\u00f3 reducido durante las tareas de asistencia y peritaje.<\/p>\n\n\n\n<p><\/p>\n\n\n\n<p><em>Fuente: Noticias de Azul\u00a0<\/em><\/p>\n","protected":false},"excerpt":{"rendered":"<p>De esta manera son dos los fallecidos en el accidente que involucr\u00f3 un autom\u00f3vil y un cami\u00f3n.&nbsp; Luego del tr\u00e1gico<\/p>\n","protected":false},"author":6,"featured_media":189144,"comment_status":"closed","ping_status":"closed","sticky":false,"template":"","format":"standard","meta":{"_jetpack_memberships_contains_paid_content":false,"footnotes":""},"categories":[14,1],"tags":[],"class_list":["post-189142","post","type-post","status-publish","format-standard","has-post-thumbnail","hentry","category-policiales","category-portada"],"jetpack_featured_media_url":"https:\/\/i0.wp.com\/cdnoticias.com\/wp-content\/uploads\/2025\/11\/accidente-ruta-3-dos-fallecidos-.jpg?fit=900%2C528&ssl=1","jetpack_sharing_enabled":true,"_links":{"self":[{"href":"https:\/\/cdnoticias.com\/index.php\/wp-json\/wp\/v2\/posts\/189142","targetHints":{"allow":["GET"]}}],"collection":[{"href":"https:\/\/cdnoticias.com\/index.php\/wp-json\/wp\/v2\/posts"}],"about":[{"href":"https:\/\/cdnoticias.com\/index.php\/wp-json\/wp\/v2\/types\/post"}],"author":[{"embeddable":true,"href":"https:\/\/cdnoticias.com\/index.php\/wp-json\/wp\/v2\/users\/6"}],"replies":[{"embeddable":true,"href":"https:\/\/cdnoticias.com\/index.php\/wp-json\/wp\/v2\/comments?post=189142"}],"version-history":[{"count":0,"href":"https:\/\/cdnoticias.com\/index.php\/wp-json\/wp\/v2\/posts\/189142\/revisions"}],"wp:featuredmedia":[{"embeddable":true,"href":"https:\/\/cdnoticias.com\/index.php\/wp-json\/wp\/v2\/media\/189144"}],"wp:attachment":[{"href":"https:\/\/cdnoticias.com\/index.php\/wp-json\/wp\/v2\/media?parent=189142"}],"wp:term":[{"taxonomy":"category","embeddable":true,"href":"https:\/\/cdnoticias.com\/index.php\/wp-json\/wp\/v2\/categories?post=189142"},{"taxonomy":"post_tag","embeddable":true,"href":"https:\/\/cdnoticias.com\/index.php\/wp-json\/wp\/v2\/tags?post=189142"}],"curies":[{"name":"wp","href":"https:\/\/api.w.org\/{rel}","templated":true}]}}