{"id":189139,"date":"2025-11-30T12:31:33","date_gmt":"2025-11-30T15:31:33","guid":{"rendered":"https:\/\/cdnoticias.com\/?p=189139"},"modified":"2025-11-30T12:31:35","modified_gmt":"2025-11-30T15:31:35","slug":"detenido-por-ocasionar-disturbios-en-la-via-publica","status":"publish","type":"post","link":"https:\/\/cdnoticias.com\/index.php\/2025\/11\/30\/detenido-por-ocasionar-disturbios-en-la-via-publica\/","title":{"rendered":"Detenido por ocasionar disturbios en la v\u00eda p\u00fablica\u00a0"},"content":{"rendered":"\n<p>El hecho ocurri\u00f3 este s\u00e1bado en Mitre al 700. Fue alojado en Comisar\u00eda Primera.<\/p>\n\n\n\n<hr class=\"wp-block-separator aligncenter has-alpha-channel-opacity\"\/>\n\n\n\n<p>Este s\u00e1bado, Comando de Patrullas Olavarr\u00eda <strong>detuvo a un joven de 22 a\u00f1os por ocasionar disturbios en la v\u00eda p\u00fablica<\/strong>.&nbsp;<\/p>\n\n\n\n<p><\/p>\n\n\n\n<p>El hecho ocurri\u00f3 en <strong>Mitre al 700<\/strong> cuando personal policial a ra\u00edz de un llamado al 911 detiene al joven que se encontraba en la v\u00eda p\u00fablica en aparente estado de ebriedad ocasionando disturbios e <strong>incitando a pelear a los presentes en el lugar<\/strong>.<\/p>\n\n\n\n<p><\/p>\n\n\n\n<p>El detenido fue alojado en <strong>Comisar\u00eda Primera <\/strong>e interviene el&nbsp; Juzgado Correccional Olavarr\u00eda. El hecho se caratulo \u201c Infracci\u00f3n Art 35; 72 y 74 inc. A de la ley 8031\/73\u201d.<\/p>\n","protected":false},"excerpt":{"rendered":"<p>El hecho ocurri\u00f3 este s\u00e1bado en Mitre al 700. Fue alojado en Comisar\u00eda Primera. Este s\u00e1bado, Comando de Patrullas Olavarr\u00eda<\/p>\n","protected":false},"author":6,"featured_media":189141,"comment_status":"closed","ping_status":"closed","sticky":false,"template":"","format":"standard","meta":{"_jetpack_memberships_contains_paid_content":false,"footnotes":""},"categories":[14,1],"tags":[],"class_list":["post-189139","post","type-post","status-publish","format-standard","has-post-thumbnail","hentry","category-policiales","category-portada"],"jetpack_featured_media_url":"https:\/\/i0.wp.com\/cdnoticias.com\/wp-content\/uploads\/2025\/11\/detenido-22-disturbios-via-publica1.jpg?fit=900%2C506&ssl=1","jetpack_sharing_enabled":true,"_links":{"self":[{"href":"https:\/\/cdnoticias.com\/index.php\/wp-json\/wp\/v2\/posts\/189139","targetHints":{"allow":["GET"]}}],"collection":[{"href":"https:\/\/cdnoticias.com\/index.php\/wp-json\/wp\/v2\/posts"}],"about":[{"href":"https:\/\/cdnoticias.com\/index.php\/wp-json\/wp\/v2\/types\/post"}],"author":[{"embeddable":true,"href":"https:\/\/cdnoticias.com\/index.php\/wp-json\/wp\/v2\/users\/6"}],"replies":[{"embeddable":true,"href":"https:\/\/cdnoticias.com\/index.php\/wp-json\/wp\/v2\/comments?post=189139"}],"version-history":[{"count":0,"href":"https:\/\/cdnoticias.com\/index.php\/wp-json\/wp\/v2\/posts\/189139\/revisions"}],"wp:featuredmedia":[{"embeddable":true,"href":"https:\/\/cdnoticias.com\/index.php\/wp-json\/wp\/v2\/media\/189141"}],"wp:attachment":[{"href":"https:\/\/cdnoticias.com\/index.php\/wp-json\/wp\/v2\/media?parent=189139"}],"wp:term":[{"taxonomy":"category","embeddable":true,"href":"https:\/\/cdnoticias.com\/index.php\/wp-json\/wp\/v2\/categories?post=189139"},{"taxonomy":"post_tag","embeddable":true,"href":"https:\/\/cdnoticias.com\/index.php\/wp-json\/wp\/v2\/tags?post=189139"}],"curies":[{"name":"wp","href":"https:\/\/api.w.org\/{rel}","templated":true}]}}