{"id":189137,"date":"2025-11-30T09:39:56","date_gmt":"2025-11-30T12:39:56","guid":{"rendered":"https:\/\/cdnoticias.com\/?p=189137"},"modified":"2025-11-30T09:39:56","modified_gmt":"2025-11-30T12:39:56","slug":"maria-de-los-angeles-lorenzatto-mary-nona-q-e-p-d","status":"publish","type":"post","link":"https:\/\/cdnoticias.com\/index.php\/2025\/11\/30\/maria-de-los-angeles-lorenzatto-mary-nona-q-e-p-d\/","title":{"rendered":"Mar\u00eda de los \u00c1ngeles Lorenzatto \u201cMary\u201d \u201cNona\u201d (Q.E.P.D.)"},"content":{"rendered":"\n<p>Falleci\u00f3 en Olavarr\u00eda el 29 de noviembre de 2025 a los 51 a\u00f1os.&nbsp;<\/p>\n\n\n\n<p>Su pareja Noe; sus hijos: Franca, Bautista, Agostina y Luna; su padre Ram\u00f3n, su madre en el afecto Ang\u00e9lica; sus hermanas: Silvia, Susana y Mar\u00eda Isabel; el padre de sus hijos Marcelo; sus sobrinos; sus amigos y dem\u00e1s deudos participan de su fallecimiento.<\/p>\n\n\n\n<p>Velatorio: Espa\u00f1a 2942, Departamento &#8220;D &#8220;. Domingo 30 de noviembre de 10:00 a 11:00 horas. Responso: Capilla Ardiente. Inhumaci\u00f3n: Crematorio Pinos de Paz, d\u00eda y hora a confirmar.&nbsp;<\/p>\n\n\n\n<p>Vecina de Loma Negra.<\/p>\n\n\n\n<p>Lugar de nacimiento: Entre R\u00edos.<\/p>\n\n\n\n<p>Actividad que desarrollaba: Personal Trainer.<\/p>\n","protected":false},"excerpt":{"rendered":"<p>Falleci\u00f3 en Olavarr\u00eda el 29 de noviembre de 2025 a los 51 a\u00f1os.&nbsp; Su pareja Noe; sus hijos: Franca, Bautista,<\/p>\n","protected":false},"author":6,"featured_media":100390,"comment_status":"closed","ping_status":"closed","sticky":false,"template":"","format":"standard","meta":{"_jetpack_memberships_contains_paid_content":false,"footnotes":""},"categories":[10],"tags":[],"class_list":["post-189137","post","type-post","status-publish","format-standard","has-post-thumbnail","hentry","category-necrologicas"],"jetpack_featured_media_url":"https:\/\/i0.wp.com\/cdnoticias.com\/wp-content\/uploads\/2023\/10\/necrologicas-390-x-240.jpg?fit=390%2C240&ssl=1","jetpack_sharing_enabled":true,"_links":{"self":[{"href":"https:\/\/cdnoticias.com\/index.php\/wp-json\/wp\/v2\/posts\/189137","targetHints":{"allow":["GET"]}}],"collection":[{"href":"https:\/\/cdnoticias.com\/index.php\/wp-json\/wp\/v2\/posts"}],"about":[{"href":"https:\/\/cdnoticias.com\/index.php\/wp-json\/wp\/v2\/types\/post"}],"author":[{"embeddable":true,"href":"https:\/\/cdnoticias.com\/index.php\/wp-json\/wp\/v2\/users\/6"}],"replies":[{"embeddable":true,"href":"https:\/\/cdnoticias.com\/index.php\/wp-json\/wp\/v2\/comments?post=189137"}],"version-history":[{"count":0,"href":"https:\/\/cdnoticias.com\/index.php\/wp-json\/wp\/v2\/posts\/189137\/revisions"}],"wp:featuredmedia":[{"embeddable":true,"href":"https:\/\/cdnoticias.com\/index.php\/wp-json\/wp\/v2\/media\/100390"}],"wp:attachment":[{"href":"https:\/\/cdnoticias.com\/index.php\/wp-json\/wp\/v2\/media?parent=189137"}],"wp:term":[{"taxonomy":"category","embeddable":true,"href":"https:\/\/cdnoticias.com\/index.php\/wp-json\/wp\/v2\/categories?post=189137"},{"taxonomy":"post_tag","embeddable":true,"href":"https:\/\/cdnoticias.com\/index.php\/wp-json\/wp\/v2\/tags?post=189137"}],"curies":[{"name":"wp","href":"https:\/\/api.w.org\/{rel}","templated":true}]}}