{"id":189124,"date":"2025-11-30T11:30:48","date_gmt":"2025-11-30T14:30:48","guid":{"rendered":"https:\/\/cdnoticias.com\/?p=189124"},"modified":"2025-11-30T11:30:49","modified_gmt":"2025-11-30T14:30:49","slug":"cronograma-de-la-campana-de-vacunacion-antirrabica-de-diciembre","status":"publish","type":"post","link":"https:\/\/cdnoticias.com\/index.php\/2025\/11\/30\/cronograma-de-la-campana-de-vacunacion-antirrabica-de-diciembre\/","title":{"rendered":"Cronograma de la Campa\u00f1a de Vacunaci\u00f3n Antirr\u00e1bica de diciembre\u00a0"},"content":{"rendered":"\n<p>Se recuerda que la modalidad de atenci\u00f3n es por orden de llegada.\u00a0El objetivo es promover la vacunaci\u00f3n contra la rabia en animales, debido a que es la principal medida de prevenci\u00f3n para esta enfermedad y tambi\u00e9n sensibilizar sobre el cuidado responsable de animales de compa\u00f1\u00eda.<\/p>\n\n\n\n<hr class=\"wp-block-separator aligncenter has-alpha-channel-opacity\"\/>\n\n\n\n<p>En el marco del programa \u201c<strong>Querer es cuidar\u201d<\/strong>, el Municipio contin\u00faa con la <strong>Campa\u00f1a Anual de Vacunaci\u00f3n Antirr\u00e1bica canina y felina, <\/strong>que est\u00e1 destinada a <strong>inmunizar a perros y gatos mayores de tres meses.<\/strong><\/p>\n\n\n\n<p><\/p>\n\n\n\n<p>El objetivo es <strong>promover la vacunaci\u00f3n contra la rabia en animales<\/strong>, debido a que es la principal medida de prevenci\u00f3n para esta enfermedad y tambi\u00e9n sensibilizar sobre el cuidado responsable de animales de compa\u00f1\u00eda. Se recuerda que <strong>la modalidad de atenci\u00f3n es por orden de llegada. <\/strong>Cabe aclarar que <strong>en caso de lluvia se suspende la jornada y se reprograma el puesto.<\/strong><\/p>\n\n\n\n<p><\/p>\n\n\n\n<p>A continuaci\u00f3n se detalla el cronograma para los pr\u00f3ximos d\u00edas:<\/p>\n\n\n\n<ul class=\"wp-block-list\">\n<li>Lunes 1\u00ba de diciembre<\/li>\n<\/ul>\n\n\n\n<p>9 a 12 horas. Villa Mi Serran\u00eda (Club Social y Deportivo Defensores de Villa Mi Serran\u00eda)<\/p>\n\n\n\n<ul class=\"wp-block-list\">\n<li>Martes 2 de diciembre<\/li>\n<\/ul>\n\n\n\n<p>9 a 12 horas. Villa Mail\u00edn II (avenida La Rioja y Las Heras)<\/p>\n\n\n\n<ul class=\"wp-block-list\">\n<li>Mi\u00e9rcoles 3 de diciembre<\/li>\n<\/ul>\n\n\n\n<p>10 a 12 horas. Facundo Quiroga II C.I.C (Houssay al 400)<\/p>\n\n\n\n<ul class=\"wp-block-list\">\n<li>Jueves 4 de diciembre<\/li>\n<\/ul>\n\n\n\n<p>10 a 12 horas. 12 de Octubre \u2013 CAPS N\u00b0 6 (Hip\u00f3lito Irigoyen y Calle 13)<\/p>\n\n\n\n<ul class=\"wp-block-list\">\n<li>Viernes 5 de diciembre<\/li>\n<\/ul>\n\n\n\n<p>9 a 12 horas. Colonia Hinojo \u2013 Plaza Sarmiento (avenida de los Fundadores y Scharle)<\/p>\n\n\n\n<ul class=\"wp-block-list\">\n<li>S\u00e1bado 6 de diciembre<\/li>\n<\/ul>\n\n\n\n<p>9 a 12:30 horas. Barrio Luj\u00e1n \u2013 Plaza Luj\u00e1n (Alvaro Barros y Dean Funes)<\/p>\n\n\n\n<p><\/p>\n\n\n\n<blockquote class=\"wp-block-quote is-layout-flow wp-block-quote-is-layout-flow\">\n<p>La rabia es una enfermedad producida por un virus que afecta al sistema nervioso central de los mam\u00edferos, incluidas las personas. No tiene cura y el tratamiento s\u00f3lo es eficaz si se aplica antes del inicio de los s\u00edntomas. Por eso, es fundamental prevenirla.<\/p>\n<\/blockquote>\n\n\n\n<p><\/p>\n\n\n\n<p>El virus est\u00e1 <strong>presente en la saliva de los animales infectados, principalmente perros y gatos, pero tambi\u00e9n pueden ser algunos mam\u00edferos silvestres, como murci\u00e9lagos.<\/strong>\u00a0Se transmite por medio de mordeduras, ara\u00f1azos y\/o al lamer zonas lesionadas del cuerpo o mucosas de otros animales o personas. La principal medida de prevenci\u00f3n es realizar la consulta temprana ante un accidente de mordedura con un animal.<\/p>\n\n\n\n<p><\/p>\n\n\n\n<p>La vacuna en peque\u00f1os animales <strong>debe aplicarse por primera vez a los tres meses de edad,<\/strong> y luego realizar <strong>refuerzos de forma anual.<\/strong><\/p>\n\n\n\n<p><\/p>\n\n\n\n<p><strong>Requisitos<\/strong><\/p>\n\n\n\n<blockquote class=\"wp-block-quote is-layout-flow wp-block-quote-is-layout-flow\">\n<p>La vacuna se aplica de forma gratuita a todos los gatos y perros mayores de tres (3) meses. NO se vacuna a hembras pre\u00f1adas o en lactancia o animales que presenten s\u00edntomas de enfermedad.<\/p>\n<\/blockquote>\n\n\n\n<p><\/p>\n\n\n\n<p>Es importante recordar que todos<strong> los perros deben concurrir de forma obligatoria a los puestos de vacunaci\u00f3n<\/strong>, con <strong>correa, collar y el agregado de bozal<\/strong> para aquellas razas y sus cruzas de los denominados perros potencialmente peligrosos.\u00a0En cuanto a los <strong>felinos deben concurrir en transportadoras, mochilas-bolsos, no sueltos ni en cajas,<\/strong> a fin de prevenir posibles escapes.<\/p>\n\n\n\n<p><\/p>\n\n\n\n<p><strong>V\u00edas de comunicaci\u00f3n<\/strong><\/p>\n\n\n\n<ul class=\"wp-block-list\">\n<li>Atenci\u00f3n al p\u00fablico y turnos de castraciones: lunes a viernes de 07:30 a 13:00 horas.<\/li>\n\n\n\n<li>2284 666400 (Mensajes y llamadas, s\u00f3lo WhatsApp).<\/li>\n\n\n\n<li>2284 579825 (L\u00ednea fija).<\/li>\n\n\n\n<li>Atenci\u00f3n Veterinaria: lunes a viernes de 11:00 a 13:00 horas, por orden de llegada (avenida Urquiza 5493).<\/li>\n<\/ul>\n\n\n\n<p><\/p>\n","protected":false},"excerpt":{"rendered":"<p>Se recuerda que la modalidad de atenci\u00f3n es por orden de llegada.\u00a0El objetivo es promover la vacunaci\u00f3n contra la rabia<\/p>\n","protected":false},"author":6,"featured_media":97747,"comment_status":"closed","ping_status":"closed","sticky":false,"template":"","format":"standard","meta":{"_jetpack_memberships_contains_paid_content":false,"footnotes":""},"categories":[5,1],"tags":[],"class_list":["post-189124","post","type-post","status-publish","format-standard","has-post-thumbnail","hentry","category-informacion-general","category-portada"],"jetpack_featured_media_url":"https:\/\/i0.wp.com\/cdnoticias.com\/wp-content\/uploads\/2023\/09\/vacunacion-antirrabica-animales-06.jpg?fit=800%2C445&ssl=1","jetpack_sharing_enabled":true,"_links":{"self":[{"href":"https:\/\/cdnoticias.com\/index.php\/wp-json\/wp\/v2\/posts\/189124","targetHints":{"allow":["GET"]}}],"collection":[{"href":"https:\/\/cdnoticias.com\/index.php\/wp-json\/wp\/v2\/posts"}],"about":[{"href":"https:\/\/cdnoticias.com\/index.php\/wp-json\/wp\/v2\/types\/post"}],"author":[{"embeddable":true,"href":"https:\/\/cdnoticias.com\/index.php\/wp-json\/wp\/v2\/users\/6"}],"replies":[{"embeddable":true,"href":"https:\/\/cdnoticias.com\/index.php\/wp-json\/wp\/v2\/comments?post=189124"}],"version-history":[{"count":0,"href":"https:\/\/cdnoticias.com\/index.php\/wp-json\/wp\/v2\/posts\/189124\/revisions"}],"wp:featuredmedia":[{"embeddable":true,"href":"https:\/\/cdnoticias.com\/index.php\/wp-json\/wp\/v2\/media\/97747"}],"wp:attachment":[{"href":"https:\/\/cdnoticias.com\/index.php\/wp-json\/wp\/v2\/media?parent=189124"}],"wp:term":[{"taxonomy":"category","embeddable":true,"href":"https:\/\/cdnoticias.com\/index.php\/wp-json\/wp\/v2\/categories?post=189124"},{"taxonomy":"post_tag","embeddable":true,"href":"https:\/\/cdnoticias.com\/index.php\/wp-json\/wp\/v2\/tags?post=189124"}],"curies":[{"name":"wp","href":"https:\/\/api.w.org\/{rel}","templated":true}]}}