{"id":189120,"date":"2025-11-29T21:02:09","date_gmt":"2025-11-30T00:02:09","guid":{"rendered":"https:\/\/cdnoticias.com\/?p=189120"},"modified":"2025-11-29T21:02:12","modified_gmt":"2025-11-30T00:02:12","slug":"bomberos-voluntarios-de-olavarria-realizo-la-ultima-instruccion-del-ano","status":"publish","type":"post","link":"https:\/\/cdnoticias.com\/index.php\/2025\/11\/29\/bomberos-voluntarios-de-olavarria-realizo-la-ultima-instruccion-del-ano\/","title":{"rendered":"Bomberos Voluntarios de Olavarr\u00eda realiz\u00f3 la \u00faltima instrucci\u00f3n del a\u00f1o"},"content":{"rendered":"\n<p>Asimismo, se llev\u00f3 a cabo el balance operativo del 2025. La jornada se desarroll\u00f3 en el cuartel central y cont\u00f3 con la presencia de todo el personal disponible.<\/p>\n\n\n\n<hr class=\"wp-block-separator aligncenter has-alpha-channel-opacity\"\/>\n\n\n\n<p>Este jueves, el <strong>Cuerpo Activo de Bomberos Voluntarios de Olavarr\u00eda <\/strong>llev\u00f3 adelante la<strong> \u00faltima instrucci\u00f3n del a\u00f1o, <\/strong>cerrando el ciclo formal de capacitaci\u00f3n interna 2025. La jornada se desarroll\u00f3 en el cuartel central y c<strong>ont\u00f3 con la presencia de todo el personal disponible.<\/strong><\/p>\n\n\n\n<p><\/p>\n\n\n\n<p>Durante el cierre, el Comandante General Ra\u00fal Ferreira y el Segundo Comandante Marcelo Menchaca <strong>realizaron un balance anual de todas las salidas y trabajos desarrollados durante 2025,<\/strong> destacando el volumen de intervenciones, el compromiso del personal y la participaci\u00f3n en capacitaciones locales, regionales y federativas.<\/p>\n\n\n\n<p><\/p>\n\n\n\n<blockquote class=\"wp-block-quote is-layout-flow wp-block-quote-is-layout-flow\">\n<p>Asimismo, se repasaron los principales tipos de servicios atendidos \u2014incendios estructurales, rescates, accidentes, incendios forestales y rurales, intervenciones preventivas y actividades comunitarias\u2014 as\u00ed como los entrenamientos que fortalecieron la preparaci\u00f3n del Cuerpo Activo a lo largo del a\u00f1o.<\/p>\n<\/blockquote>\n\n\n\n<p><\/p>\n\n\n\n<p>En este marco, l<strong>as autoridades hicieron especial hincapi\u00e9<\/strong> en la preparaci\u00f3n para la temporada estival 25\/26, que se anticipa con <strong>altas temperaturas y riesgo elevado de incendios forestales.<\/strong><\/p>\n\n\n\n<p><\/p>\n\n\n\n<p>Por \u00faltimo, el cierre permiti\u00f3 integrar aprendizajes, consolidar el trabajo en equipo y proyectar los desaf\u00edos del pr\u00f3ximo ciclo operativo.<\/p>\n\n\n\n<p><\/p>\n","protected":false},"excerpt":{"rendered":"<p>Asimismo, se llev\u00f3 a cabo el balance operativo del 2025. La jornada se desarroll\u00f3 en el cuartel central y cont\u00f3<\/p>\n","protected":false},"author":6,"featured_media":186961,"comment_status":"closed","ping_status":"closed","sticky":false,"template":"","format":"standard","meta":{"_jetpack_memberships_contains_paid_content":false,"footnotes":""},"categories":[5,1],"tags":[],"class_list":["post-189120","post","type-post","status-publish","format-standard","has-post-thumbnail","hentry","category-informacion-general","category-portada"],"jetpack_featured_media_url":"https:\/\/i0.wp.com\/cdnoticias.com\/wp-content\/uploads\/2025\/11\/bomberos-salidas-voluntarios.png?fit=848%2C542&ssl=1","jetpack_sharing_enabled":true,"_links":{"self":[{"href":"https:\/\/cdnoticias.com\/index.php\/wp-json\/wp\/v2\/posts\/189120","targetHints":{"allow":["GET"]}}],"collection":[{"href":"https:\/\/cdnoticias.com\/index.php\/wp-json\/wp\/v2\/posts"}],"about":[{"href":"https:\/\/cdnoticias.com\/index.php\/wp-json\/wp\/v2\/types\/post"}],"author":[{"embeddable":true,"href":"https:\/\/cdnoticias.com\/index.php\/wp-json\/wp\/v2\/users\/6"}],"replies":[{"embeddable":true,"href":"https:\/\/cdnoticias.com\/index.php\/wp-json\/wp\/v2\/comments?post=189120"}],"version-history":[{"count":0,"href":"https:\/\/cdnoticias.com\/index.php\/wp-json\/wp\/v2\/posts\/189120\/revisions"}],"wp:featuredmedia":[{"embeddable":true,"href":"https:\/\/cdnoticias.com\/index.php\/wp-json\/wp\/v2\/media\/186961"}],"wp:attachment":[{"href":"https:\/\/cdnoticias.com\/index.php\/wp-json\/wp\/v2\/media?parent=189120"}],"wp:term":[{"taxonomy":"category","embeddable":true,"href":"https:\/\/cdnoticias.com\/index.php\/wp-json\/wp\/v2\/categories?post=189120"},{"taxonomy":"post_tag","embeddable":true,"href":"https:\/\/cdnoticias.com\/index.php\/wp-json\/wp\/v2\/tags?post=189120"}],"curies":[{"name":"wp","href":"https:\/\/api.w.org\/{rel}","templated":true}]}}