{"id":189117,"date":"2025-11-29T18:01:54","date_gmt":"2025-11-29T21:01:54","guid":{"rendered":"https:\/\/cdnoticias.com\/?p=189117"},"modified":"2025-11-29T18:02:02","modified_gmt":"2025-11-29T21:02:02","slug":"se-desarrolla-el-6o-encuentro-regional-bonaerense-de-numismatica","status":"publish","type":"post","link":"https:\/\/cdnoticias.com\/index.php\/2025\/11\/29\/se-desarrolla-el-6o-encuentro-regional-bonaerense-de-numismatica\/","title":{"rendered":"Se desarrolla el\u00a0 6\u00ba Encuentro Regional Bonaerense de Numism\u00e1tica"},"content":{"rendered":"\n<p>La jornada comenz\u00f3 este s\u00e1bado en la Casa del Bicentenario y continuar\u00e1 hasta las 19 horas. El evento re\u00fane nuevamente a un importante n\u00famero de coleccionistas, medallas y billetes de Olavarr\u00eda y de la regi\u00f3n.<\/p>\n\n\n\n<hr class=\"wp-block-separator aligncenter has-alpha-channel-opacity\"\/>\n\n\n\n<p>Olavarr\u00eda es sede este fin de semana del <strong>6\u00ba Encuentro Regional Bonaerense de Numism\u00e1tica, <\/strong>que comenz\u00f3 este <strong>s\u00e1bado 29 de noviembre, de 9 a 19 horas, con sede en la Casa del Bicentenario.<\/strong><\/p>\n\n\n\n<p><\/p>\n\n\n\n<blockquote class=\"wp-block-quote is-layout-flow wp-block-quote-is-layout-flow\">\n<p>El evento re\u00fane nuevamente a un importante n\u00famero de coleccionistas, medallas y billetes de Olavarr\u00eda y de la regi\u00f3n. Seg\u00fan confirmaron desde la organizaci\u00f3n, a cargo del Centro Numism\u00e1tico y Filat\u00e9lico de Olavarr\u00eda, se ha previsto la participaci\u00f3n de un total de 50 coleccionistas.<\/p>\n<\/blockquote>\n\n\n\n<p><\/p>\n\n\n\n<p>El encuentro es con entrada libre y gratuita. Adem\u00e1s, habr\u00e1 <strong>servicio de lunch y sorteos, <\/strong>mediante un bono contribuci\u00f3n que se podr\u00e1 adquirir en el momento del evento.<\/p>\n\n\n\n<p><\/p>\n\n\n\n<p>El <strong>Centro Numism\u00e1tico de Olavarr\u00eda se fund\u00f3 en 1963 <\/strong>y<strong> pertenece a la Federaci\u00f3n de Entidades Numism\u00e1ticas y Medall\u00edsticas Argentinas <\/strong>(FENyMA), que nuclea a los distintos centros del pa\u00eds.<\/p>\n\n\n\n<p><\/p>\n\n\n\n<p>La sexta edici\u00f3n de este encuentro, como novedad, permitir\u00e1 adem\u00e1s de la exhibici\u00f3n,<strong> la venta y canje de monedas, medallas y billetes, <\/strong>entre los asistentes.<\/p>\n","protected":false},"excerpt":{"rendered":"<p>La jornada comenz\u00f3 este s\u00e1bado en la Casa del Bicentenario y continuar\u00e1 hasta las 19 horas. El evento re\u00fane nuevamente<\/p>\n","protected":false},"author":6,"featured_media":189123,"comment_status":"closed","ping_status":"closed","sticky":false,"template":"","format":"standard","meta":{"_jetpack_memberships_contains_paid_content":false,"footnotes":""},"categories":[9,1],"tags":[],"class_list":["post-189117","post","type-post","status-publish","format-standard","has-post-thumbnail","hentry","category-cultura","category-portada"],"jetpack_featured_media_url":"https:\/\/i0.wp.com\/cdnoticias.com\/wp-content\/uploads\/2025\/11\/encuentro-numismatica.jpg?fit=900%2C675&ssl=1","jetpack_sharing_enabled":true,"_links":{"self":[{"href":"https:\/\/cdnoticias.com\/index.php\/wp-json\/wp\/v2\/posts\/189117","targetHints":{"allow":["GET"]}}],"collection":[{"href":"https:\/\/cdnoticias.com\/index.php\/wp-json\/wp\/v2\/posts"}],"about":[{"href":"https:\/\/cdnoticias.com\/index.php\/wp-json\/wp\/v2\/types\/post"}],"author":[{"embeddable":true,"href":"https:\/\/cdnoticias.com\/index.php\/wp-json\/wp\/v2\/users\/6"}],"replies":[{"embeddable":true,"href":"https:\/\/cdnoticias.com\/index.php\/wp-json\/wp\/v2\/comments?post=189117"}],"version-history":[{"count":0,"href":"https:\/\/cdnoticias.com\/index.php\/wp-json\/wp\/v2\/posts\/189117\/revisions"}],"wp:featuredmedia":[{"embeddable":true,"href":"https:\/\/cdnoticias.com\/index.php\/wp-json\/wp\/v2\/media\/189123"}],"wp:attachment":[{"href":"https:\/\/cdnoticias.com\/index.php\/wp-json\/wp\/v2\/media?parent=189117"}],"wp:term":[{"taxonomy":"category","embeddable":true,"href":"https:\/\/cdnoticias.com\/index.php\/wp-json\/wp\/v2\/categories?post=189117"},{"taxonomy":"post_tag","embeddable":true,"href":"https:\/\/cdnoticias.com\/index.php\/wp-json\/wp\/v2\/tags?post=189117"}],"curies":[{"name":"wp","href":"https:\/\/api.w.org\/{rel}","templated":true}]}}