{"id":189112,"date":"2025-11-29T19:00:45","date_gmt":"2025-11-29T22:00:45","guid":{"rendered":"https:\/\/cdnoticias.com\/?p=189112"},"modified":"2025-11-30T10:30:59","modified_gmt":"2025-11-30T13:30:59","slug":"tenemos-mucha-expectativa-de-que-el-programa-siga-llegando-a-los-distintos-barrios-y-localidades","status":"publish","type":"post","link":"https:\/\/cdnoticias.com\/index.php\/2025\/11\/29\/tenemos-mucha-expectativa-de-que-el-programa-siga-llegando-a-los-distintos-barrios-y-localidades\/","title":{"rendered":"\u201cTenemos mucha expectativa de que el programa siga llegando a los distintos barrios y localidades\u201d\u00a0"},"content":{"rendered":"\n<p>El Programa Municipal Barrio por Barrio cumpli\u00f3 un a\u00f1o y Leonardo Yunger coordinador de la Mesa de Gesti\u00f3n Territorial, dialog\u00f3 con este medio sobre las expectativas futuras. El relevamiento en datos.\u00a0<\/p>\n\n\n\n<hr class=\"wp-block-separator aligncenter has-alpha-channel-opacity\"\/>\n\n\n\n<p>Este pasado 27 de noviembre<a href=\"https:\/\/cdnoticias.com\/index.php\/2025\/11\/27\/un-ano-del-barrio-por-barrio-todas-las-gestiones-y-el-trabajo-en-territorio\/\" target=\"_blank\" rel=\"noreferrer noopener\"> se cumpli\u00f3 un a\u00f1o del Programa Municipal Barrio por Barrio, <\/a>el cual <strong>recorre la ciudad y las distintas localidades brindando respuestas a problem\u00e1ticas que plantean los vecinos y vecinas <\/strong>de la zona.&nbsp;<\/p>\n\n\n\n<p><\/p>\n\n\n\n<p>En este marco, el <strong>coordinador de la Mesa de Gesti\u00f3n Territorial, Leonardo Yunger,<\/strong> dialog\u00f3 con<em> Central de Noticias<\/em> y reflexion\u00f3 sobre las futuras expectativas en este aniversario.<\/p>\n\n\n\n<p><\/p>\n\n\n\n<p>\u201c<em>Se cumpli\u00f3 un a\u00f1o desde que el intendente Maximiliano Wesner y su equipo decidieron implementar el programa Barrio por Barrio, un programa de abordaje territorial con los distintos servicios municipales, las distintas \u00e1reas en una presencia permanente cada semana en el territorio, brindando los distintos servicios, facilitando tr\u00e1mites y tambi\u00e9n recorridas puerta a puerta a lo largo de todos los barrios para dialogar con los vecinos, escucharlos\u201d<\/em> se\u00f1al\u00f3.&nbsp;<\/p>\n\n\n\n<p><\/p>\n\n\n\n<p>Asimismo, agreg\u00f3 que \u201cse brindan las intervenciones en el espacio p\u00fablico, en articulaci\u00f3n con las empresas, con el sistema educativo. Cada operativo del Barrio por Barrio <strong>es un despliegue de alrededor de 100 personas de las distintas \u00e1reas municipales <\/strong>que se distribuyen en el territorio organizadamente con cuadr\u00edculas, yendo a dialogar con cada uno de los vecinos, con un punto de encuentro que a los vecinos les facilita hacer tr\u00e1mites que <strong>no tienen que acercarse al centro de la ciudad\u201d.&nbsp;<\/strong><\/p>\n\n\n\n<p><\/p>\n\n\n\n<figure class=\"wp-block-image aligncenter size-large\"><img data-recalc-dims=\"1\" loading=\"lazy\" decoding=\"async\" width=\"800\" height=\"532\" src=\"https:\/\/i0.wp.com\/cdnoticias.com\/wp-content\/uploads\/2025\/07\/Barrio-x-Barrio-Evita-Bancario-3-14-scaled-1.jpg?resize=800%2C532&#038;ssl=1\" alt=\"\" class=\"wp-image-177559\" srcset=\"https:\/\/i0.wp.com\/cdnoticias.com\/wp-content\/uploads\/2025\/07\/Barrio-x-Barrio-Evita-Bancario-3-14-scaled-1.jpg?resize=1024%2C681&amp;ssl=1 1024w, https:\/\/i0.wp.com\/cdnoticias.com\/wp-content\/uploads\/2025\/07\/Barrio-x-Barrio-Evita-Bancario-3-14-scaled-1.jpg?resize=300%2C200&amp;ssl=1 300w, https:\/\/i0.wp.com\/cdnoticias.com\/wp-content\/uploads\/2025\/07\/Barrio-x-Barrio-Evita-Bancario-3-14-scaled-1.jpg?resize=768%2C511&amp;ssl=1 768w, https:\/\/i0.wp.com\/cdnoticias.com\/wp-content\/uploads\/2025\/07\/Barrio-x-Barrio-Evita-Bancario-3-14-scaled-1.jpg?resize=1536%2C1022&amp;ssl=1 1536w, https:\/\/i0.wp.com\/cdnoticias.com\/wp-content\/uploads\/2025\/07\/Barrio-x-Barrio-Evita-Bancario-3-14-scaled-1.jpg?resize=2048%2C1362&amp;ssl=1 2048w, https:\/\/i0.wp.com\/cdnoticias.com\/wp-content\/uploads\/2025\/07\/Barrio-x-Barrio-Evita-Bancario-3-14-scaled-1.jpg?resize=272%2C182&amp;ssl=1 272w, https:\/\/i0.wp.com\/cdnoticias.com\/wp-content\/uploads\/2025\/07\/Barrio-x-Barrio-Evita-Bancario-3-14-scaled-1.jpg?w=1600&amp;ssl=1 1600w, https:\/\/i0.wp.com\/cdnoticias.com\/wp-content\/uploads\/2025\/07\/Barrio-x-Barrio-Evita-Bancario-3-14-scaled-1.jpg?w=2400&amp;ssl=1 2400w\" sizes=\"auto, (max-width: 800px) 100vw, 800px\" \/><\/figure>\n\n\n\n<p><\/p>\n\n\n\n<blockquote class=\"wp-block-quote is-layout-flow wp-block-quote-is-layout-flow\">\n<p>\u201cLa verdad, lo vivimos con mucha alegr\u00eda y tenemos mucha expectativa de que el programa siga llegando a los distintos barrios y localidades\u201d subray\u00f3 Yunger.&nbsp;<\/p>\n<\/blockquote>\n\n\n\n<p><\/p>\n\n\n\n<p>En detalle, remarc\u00f3 que <strong>\u201chasta ahora se realizaron 42 operativos en 80 barrios, 9 localidades, m\u00e1s de 3.500 reportes ciudadanos de situaciones relevadas y m\u00e1s de un 80% de respuestas que se pudieron dar a esas situaciones que nos plantearon los vecinos\u201d.&nbsp;<\/strong><\/p>\n\n\n\n<p><\/p>\n\n\n\n<p>Entre las expectativas futuras, Yunger se\u00f1al\u00f3 que \u201c<strong><em>el programa siga creciendo, siga siendo parte de la vida de los vecinos y las vecinas que siguen reconoci\u00e9ndolo y pidi\u00e9ndolo que llegue a su barrio\u201d.&nbsp;<\/em><\/strong><\/p>\n\n\n\n<p><\/p>\n\n\n\n<p>\u201cYa hay barrios por los que ha pasado, por los cuales se vuelve a pasar, se vuelven a relevar las situaciones para ver c\u00f3mo fue la resoluci\u00f3n en cuanto al abordaje anterior. Queremos que el programa siga creciendo, porque es uno de los programas principales de abordaje territorial que tiene el municipio\u201d cerr\u00f3.<\/p>\n\n\n\n<p><\/p>\n","protected":false},"excerpt":{"rendered":"<p>El Programa Municipal Barrio por Barrio cumpli\u00f3 un a\u00f1o y Leonardo Yunger coordinador de la Mesa de Gesti\u00f3n Territorial, dialog\u00f3<\/p>\n","protected":false},"author":6,"featured_media":181411,"comment_status":"closed","ping_status":"closed","sticky":false,"template":"","format":"standard","meta":{"_jetpack_memberships_contains_paid_content":false,"footnotes":""},"categories":[5,1],"tags":[],"class_list":["post-189112","post","type-post","status-publish","format-standard","has-post-thumbnail","hentry","category-informacion-general","category-portada"],"jetpack_featured_media_url":"https:\/\/i0.wp.com\/cdnoticias.com\/wp-content\/uploads\/2025\/09\/Entrevista-Yunger-01.jpg?fit=1024%2C680&ssl=1","jetpack_sharing_enabled":true,"_links":{"self":[{"href":"https:\/\/cdnoticias.com\/index.php\/wp-json\/wp\/v2\/posts\/189112","targetHints":{"allow":["GET"]}}],"collection":[{"href":"https:\/\/cdnoticias.com\/index.php\/wp-json\/wp\/v2\/posts"}],"about":[{"href":"https:\/\/cdnoticias.com\/index.php\/wp-json\/wp\/v2\/types\/post"}],"author":[{"embeddable":true,"href":"https:\/\/cdnoticias.com\/index.php\/wp-json\/wp\/v2\/users\/6"}],"replies":[{"embeddable":true,"href":"https:\/\/cdnoticias.com\/index.php\/wp-json\/wp\/v2\/comments?post=189112"}],"version-history":[{"count":0,"href":"https:\/\/cdnoticias.com\/index.php\/wp-json\/wp\/v2\/posts\/189112\/revisions"}],"wp:featuredmedia":[{"embeddable":true,"href":"https:\/\/cdnoticias.com\/index.php\/wp-json\/wp\/v2\/media\/181411"}],"wp:attachment":[{"href":"https:\/\/cdnoticias.com\/index.php\/wp-json\/wp\/v2\/media?parent=189112"}],"wp:term":[{"taxonomy":"category","embeddable":true,"href":"https:\/\/cdnoticias.com\/index.php\/wp-json\/wp\/v2\/categories?post=189112"},{"taxonomy":"post_tag","embeddable":true,"href":"https:\/\/cdnoticias.com\/index.php\/wp-json\/wp\/v2\/tags?post=189112"}],"curies":[{"name":"wp","href":"https:\/\/api.w.org\/{rel}","templated":true}]}}