{"id":189103,"date":"2025-11-29T17:00:26","date_gmt":"2025-11-29T20:00:26","guid":{"rendered":"https:\/\/cdnoticias.com\/?p=189103"},"modified":"2025-11-30T09:36:50","modified_gmt":"2025-11-30T12:36:50","slug":"tragico-accidente-en-ruta-3-una-persona-fallecio-y-otra-resulto-gravemente-herida","status":"publish","type":"post","link":"https:\/\/cdnoticias.com\/index.php\/2025\/11\/29\/tragico-accidente-en-ruta-3-una-persona-fallecio-y-otra-resulto-gravemente-herida\/","title":{"rendered":"Tr\u00e1gico accidente en Ruta 3: una persona falleci\u00f3 y otra result\u00f3 gravemente herida"},"content":{"rendered":"\n<p>Fue este s\u00e1bado a la altura del kil\u00f3metro 183. Trabajaron en el lugar Bomberos Voluntarios de Las Flores, efectivos de la Polic\u00eda Vial y personal de Vialidad.<\/p>\n\n\n\n<hr class=\"wp-block-separator aligncenter has-alpha-channel-opacity\"\/>\n\n\n\n<p>Este s\u00e1bado por la tarde un <strong>tr\u00e1gico accidente de tr\u00e1nsito ocurri\u00f3 en la Ruta Nacional N\u00b0 3,<\/strong> a la <strong>altura del kil\u00f3metro 183 entre un auto y un cami\u00f3n.<\/strong><\/p>\n\n\n\n<p><\/p>\n\n\n\n<blockquote class=\"wp-block-quote is-layout-flow wp-block-quote-is-layout-flow\">\n<p>Bomberos Voluntarios de Las Flores, efectivos de la Polic\u00eda Vial y personal de Vialidad fueron convocados de urgencia para trabajar en el lugar del hecho.&nbsp;<\/p>\n<\/blockquote>\n\n\n\n<p><\/p>\n\n\n\n<p>Como consecuencia del violento impacto, <strong>una persona falleci\u00f3 en el lugar,<\/strong> mientras que <strong>otra sufri\u00f3 heridas de gravedad y fue trasladada de inmediato para recibir atenci\u00f3n m\u00e9dica.<\/strong> Hasta el momento no fueron identificadas las personas involucradas en el accidente. <\/p>\n\n\n\n<p><\/p>\n\n\n\n<p><em>Fuente e im\u00e1genes: Noticias Las Flores y Noticias de Azul<\/em><\/p>\n\n\n\n<p><\/p>\n","protected":false},"excerpt":{"rendered":"<p>Fue este s\u00e1bado a la altura del kil\u00f3metro 183. Trabajaron en el lugar Bomberos Voluntarios de Las Flores, efectivos de<\/p>\n","protected":false},"author":6,"featured_media":189106,"comment_status":"closed","ping_status":"closed","sticky":false,"template":"","format":"standard","meta":{"_jetpack_memberships_contains_paid_content":false,"footnotes":""},"categories":[14,1],"tags":[],"class_list":["post-189103","post","type-post","status-publish","format-standard","has-post-thumbnail","hentry","category-policiales","category-portada"],"jetpack_featured_media_url":"https:\/\/i0.wp.com\/cdnoticias.com\/wp-content\/uploads\/2025\/11\/accidente-ruta-3.jpg?fit=900%2C530&ssl=1","jetpack_sharing_enabled":true,"_links":{"self":[{"href":"https:\/\/cdnoticias.com\/index.php\/wp-json\/wp\/v2\/posts\/189103","targetHints":{"allow":["GET"]}}],"collection":[{"href":"https:\/\/cdnoticias.com\/index.php\/wp-json\/wp\/v2\/posts"}],"about":[{"href":"https:\/\/cdnoticias.com\/index.php\/wp-json\/wp\/v2\/types\/post"}],"author":[{"embeddable":true,"href":"https:\/\/cdnoticias.com\/index.php\/wp-json\/wp\/v2\/users\/6"}],"replies":[{"embeddable":true,"href":"https:\/\/cdnoticias.com\/index.php\/wp-json\/wp\/v2\/comments?post=189103"}],"version-history":[{"count":0,"href":"https:\/\/cdnoticias.com\/index.php\/wp-json\/wp\/v2\/posts\/189103\/revisions"}],"wp:featuredmedia":[{"embeddable":true,"href":"https:\/\/cdnoticias.com\/index.php\/wp-json\/wp\/v2\/media\/189106"}],"wp:attachment":[{"href":"https:\/\/cdnoticias.com\/index.php\/wp-json\/wp\/v2\/media?parent=189103"}],"wp:term":[{"taxonomy":"category","embeddable":true,"href":"https:\/\/cdnoticias.com\/index.php\/wp-json\/wp\/v2\/categories?post=189103"},{"taxonomy":"post_tag","embeddable":true,"href":"https:\/\/cdnoticias.com\/index.php\/wp-json\/wp\/v2\/tags?post=189103"}],"curies":[{"name":"wp","href":"https:\/\/api.w.org\/{rel}","templated":true}]}}