{"id":189096,"date":"2025-11-30T14:30:33","date_gmt":"2025-11-30T17:30:33","guid":{"rendered":"https:\/\/cdnoticias.com\/?p=189096"},"modified":"2025-11-30T14:30:35","modified_gmt":"2025-11-30T17:30:35","slug":"estoy-muy-triste-lamento-mucho-lo-ocurrido-se-perdio-una-vida","status":"publish","type":"post","link":"https:\/\/cdnoticias.com\/index.php\/2025\/11\/30\/estoy-muy-triste-lamento-mucho-lo-ocurrido-se-perdio-una-vida\/","title":{"rendered":"&#8220;Estoy muy triste, lamento mucho lo ocurrido, se perdi\u00f3 una vida&#8221;"},"content":{"rendered":"\n<p>Miguel Mele, desde la c\u00e1rcel brind\u00f3 un primer testimonio al diario El Tiempo sobre el fatal incidente vial donde su cami\u00f3n Iveco tipo remolque choc\u00f3 a un motociclista cuyo cuerpo impact\u00f3 contra un \u00e1rbol y falleci\u00f3 en el acto.\u00a0<\/p>\n\n\n\n<hr class=\"wp-block-separator aligncenter has-alpha-channel-opacity\"\/>\n\n\n\n<p>Mientras contin\u00faa <strong>detenido en la Unidad 2 de Sierra Chica<\/strong>, el <strong>transportista Miguel Mele <\/strong>brind\u00f3 un primer testimonio sobre lo sucedido el pasado 8 de noviembre y habl\u00f3 ante el fiscal que le imputa un <strong>&#8220;homicidio con dolo eventual<\/strong>&#8221; por la muerte del motociclista <strong>Diego Marianache.\u00a0<\/strong><\/p>\n\n\n\n<p><\/p>\n\n\n\n<p>&#8220;<strong><em>Confiamos en que a partir de esta declaraci\u00f3n y del cotejo con elementos de la causa se podr\u00e1n conocer los hechos tal cual ocurrieron&#8221;,<\/em><\/strong> se\u00f1al\u00f3 a El Tiempo su abogado luego de desarrollada esa audiencia.<\/p>\n\n\n\n<p><\/p>\n\n\n\n<p>Tras el <a href=\"https:\/\/cdnoticias.com\/index.php\/2025\/11\/08\/azul-investigan-un-incidente-vial-que-derivo-en-la-muerte-de-un-hombre\/\" target=\"_blank\" rel=\"noreferrer noopener\">fatal incidente vial ocurrido en horas de la ma\u00f1ana del pasado 8 de noviembre en Espa\u00f1a entre Mitre y Belgrano,<\/a> donde con <strong>su cami\u00f3n Iveco tipo remolque choc\u00f3 al conductor de la moto, cuyo cuerpo impact\u00f3 contra un \u00e1rbol y falleci\u00f3 pr\u00e1cticamente en el acto, <\/strong>lo referido por el transportista se convirti\u00f3 en su primera versi\u00f3n con relaci\u00f3n a lo que pas\u00f3.<\/p>\n\n\n\n<p><\/p>\n\n\n\n<figure class=\"wp-block-image aligncenter size-full\"><img data-recalc-dims=\"1\" loading=\"lazy\" decoding=\"async\" width=\"800\" height=\"415\" src=\"https:\/\/i0.wp.com\/cdnoticias.com\/wp-content\/uploads\/2025\/11\/azul-transportista-accidente.webp?resize=800%2C415&#038;ssl=1\" alt=\"\" class=\"wp-image-189099\" srcset=\"https:\/\/i0.wp.com\/cdnoticias.com\/wp-content\/uploads\/2025\/11\/azul-transportista-accidente.webp?w=966&amp;ssl=1 966w, https:\/\/i0.wp.com\/cdnoticias.com\/wp-content\/uploads\/2025\/11\/azul-transportista-accidente.webp?resize=300%2C156&amp;ssl=1 300w, https:\/\/i0.wp.com\/cdnoticias.com\/wp-content\/uploads\/2025\/11\/azul-transportista-accidente.webp?resize=768%2C398&amp;ssl=1 768w\" sizes=\"auto, (max-width: 800px) 100vw, 800px\" \/><\/figure>\n\n\n\n<p><\/p>\n\n\n\n<p>De acuerdo con lo que se contin\u00faa sosteniendo, <strong>aquel incidente estuvo relacionado con una discusi\u00f3n de tr\u00e1nsito entre ambos conductores, <\/strong>originada cuando los rodados que guiaban estaban detenidos sobre avenida Mitre, a la espera de que el sem\u00e1foro se pusiera en verde para continuar circulando ambos veh\u00edculos hacia la calle Espa\u00f1a.<\/p>\n\n\n\n<p><\/p>\n\n\n\n<p>Desde la Unidad 2, la c\u00e1rcel del SPB con asiento en Sierra Chica donde sigue detenido, Mele brind\u00f3 esa declaraci\u00f3n de manera remota por videollamada: &#8220;<strong>Estoy muy triste, lamento mucho lo ocurrido, se perdi\u00f3 una vida<\/strong>&#8221; reflexion\u00f3. <\/p>\n\n\n\n<p><\/p>\n\n\n\n<p>En esa audiencia lo asisti\u00f3 su ahora defensor Particular Roberto D\u00e1vila. Tambi\u00e9n fue presenciada por Mar\u00eda Esther Simbala, la abogada que patrocina a la familia de la v\u00edctima en esta causa penal, bajo la figura del Particular Damnificado.<\/p>\n\n\n\n<p><\/p>\n\n\n\n<blockquote class=\"wp-block-quote is-layout-flow wp-block-quote-is-layout-flow\">\n<p>El transportista azule\u00f1o imputado -de 58 a\u00f1os de edad- declar\u00f3 durante una audiencia solicitada por su Defensa, la cual estuvo enmarcada en lo que establece el art\u00edculo 317 del C\u00f3digo Procesal Penal bonaerense.<\/p>\n<\/blockquote>\n\n\n\n<p><\/p>\n\n\n\n<p>&#8220;<strong><em>Nosotros confiamos en que a partir de esta declaraci\u00f3n y del cotejo con elementos de la causa, como las huellas de frenado del cami\u00f3n, las pericias que se agreguen y los mismos videos, se podr\u00e1n conocer los hechos tal cual ocurrieron. Eso va a permitir una soluci\u00f3n mucho m\u00e1s justa&#8221;,<\/em><\/strong> dijo D\u00e1vila. Su hip\u00f3tesis de lo que pas\u00f3 a modo de corolario de aquella pelea de tr\u00e1nsito apunta a que su cliente sea considerado autor de un homicidio de tipo &#8220;culposo&#8221;.<\/p>\n\n\n\n<p><\/p>\n\n\n\n<p>En ese contexto se enmarc\u00f3 la versi\u00f3n que el propio Mele brind\u00f3 sobre lo sucedido, que para el Fiscal a cargo de esta investigaci\u00f3n penal contin\u00faa siendo considerado un &#8220;homicidio con dolo eventual&#8221;. <\/p>\n\n\n\n<p><\/p>\n\n\n\n<p><strong>&#8220;Comenz\u00f3 a frenar antes de chocar&#8221;<\/strong><\/p>\n\n\n\n<blockquote class=\"wp-block-quote is-layout-flow wp-block-quote-is-layout-flow\">\n<p>&#8220;Mele pudo explicar que perdi\u00f3 de vista al motociclista y que un instante despu\u00e9s sinti\u00f3 un fuerte ruido en la puerta derecha del cami\u00f3n. En ese momento accion\u00f3 los frenos y perdi\u00f3 el control del veh\u00edculo, que se desplaz\u00f3 hacia la derecha&#8221;, refiri\u00f3 su abogado defensor.<\/p>\n<\/blockquote>\n\n\n\n<p><\/p>\n\n\n\n<p>&#8220;Esta declaraci\u00f3n -sostuvo D\u00e1vila sobre los dichos de su asistido- concuerda con las huellas de frenado que quedaron en el pavimento, de aproximadamente quince metros, y demuestran que comenz\u00f3 a frenar antes de chocar&#8221;.<\/p>\n\n\n\n<p><\/p>\n\n\n\n<p><strong>&#8220;En el video, haciendo un zoom, puede verse que Mele no estaba posicionado en el centro del asiento, sino que estaba recostado sobre el lateral izquierdo, lo que corrobora que perdi\u00f3 el control del rodado&#8221;,<\/strong> agreg\u00f3 el Defensor Particular del transportista.<\/p>\n\n\n\n<p><\/p>\n\n\n\n<blockquote class=\"wp-block-quote is-layout-flow wp-block-quote-is-layout-flow\">\n<p>&#8220;En mi opini\u00f3n, el ruido que origin\u00f3 la maniobra de Mele, que comenz\u00f3 a frenar, fue el golpe que sinti\u00f3 en el espejo derecho, que en ese momento qued\u00f3 cerrado&#8221;, dijo despu\u00e9s teniendo en cuenta que en ese video que registr\u00f3 lo ocurrido se observa, ya cuando el cami\u00f3n y la moto circulaban por Espa\u00f1a, c\u00f3mo el conductor del rodado menor efect\u00faa lo que ser\u00eda un golpe contra el lateral derecho del remolque.<\/p>\n<\/blockquote>\n\n\n\n<p><\/p>\n\n\n\n<p>&#8220;En otro tramo de su declaraci\u00f3n Mele aclar\u00f3 que el motociclista, en el sem\u00e1foro, le hab\u00eda reprochado que mire para atr\u00e1s. Pero que eso fue todo. E<strong>llos no se conoc\u00edan de antes ni hab\u00edan tenido ning\u00fan problema&#8221;,<\/strong> reiter\u00f3 D\u00e1vila al aludir a las circunstancias que derivaron en que se produjera este luctuoso suceso, el pasado s\u00e1bado 8 de noviembre minutos despu\u00e9s de la hora 9:30.<\/p>\n\n\n\n<p><\/p>\n\n\n\n<p><em>&#8220;Luego de increparlo, el motociclista lo sigui\u00f3 por el lateral izquierdo, hasta que en un momento Mele lo perdi\u00f3 de vista. Y ah\u00ed fue cuando oye en la puerta derecha el golpe&#8221;<\/em>, agreg\u00f3 el abogado considerando lo que su cliente declar\u00f3.<\/p>\n\n\n\n<p><\/p>\n\n\n\n<p>&#8220;Reci\u00e9n pudo observar al motociclista cuando se baj\u00f3 del cami\u00f3n y se agach\u00f3 para mirar. En ese momento corri\u00f3 el cami\u00f3n y le pidi\u00f3 ayuda a un amigo. <strong>En el video se ve que \u00e9l tiene el tel\u00e9fono en la mano y est\u00e1 hablando, ya que una vecina estaba en comunicaci\u00f3n con el Servicio de Emergencias&#8221;,<\/strong> cont\u00f3 tambi\u00e9n el Defensor del imputado, al aludir a una de las mujeres que ven\u00eda circulando en un auto que guiaba su mam\u00e1 y se convirti\u00f3 en testigo de lo ocurrido.<\/p>\n\n\n\n<p><\/p>\n\n\n\n<blockquote class=\"wp-block-quote is-layout-flow wp-block-quote-is-layout-flow\">\n<p>Sobre la conducta demostrada por su cliente no bien choc\u00f3 con su cami\u00f3n a la v\u00edctima, Roberto D\u00e1vila dijo que &#8220;no se acerc\u00f3 al motociclista porque esa misma vecina -que al descender del rodado que conduc\u00eda su madre llam\u00f3 al 911 para convocar a la Polic\u00eda- le dec\u00eda que se quedara quieto&#8221;.<\/p>\n<\/blockquote>\n\n\n\n<p><\/p>\n\n\n\n<p><strong>&#8220;\u00c9l en ese momento estaba paralizado, procesando lo que le hab\u00eda ocurrido&#8221;, <\/strong>afirm\u00f3 el a<strong>bogado que patrocina al transportista<\/strong>, luego de que en un principio fuera asistido por la defensora Oficial Adriana Hern\u00e1ndez.<\/p>\n\n\n\n<p><\/p>\n\n\n\n<p>Esa funcionaria judicial hab\u00eda solicitado que el conductor del cami\u00f3n fuera excarcelado y que se le imputara un delito menos grave por lo que pas\u00f3, <strong>petici\u00f3n rechazada por el juez de Garant\u00edas <\/strong>Juan Jos\u00e9 Su\u00e1rez y que la semana anterior fue recurrida ante la C\u00e1mara Penal departamental.<\/p>\n\n\n\n<p><\/p>\n\n\n\n<p>Luego del testimonio que su cliente brindara ayer ante el Fiscal que lo sigue considerando autor de un homicidio por el que, de resultar condenado, <strong>recibir\u00e1 una pena que va desde los ocho a los veinticinco a\u00f1os de prisi\u00f3n,<\/strong> Roberto D\u00e1vila reflexion\u00f3 sobre lo que est\u00e1 siendo el pulso de esta Investigaci\u00f3n Penal Preparatoria.<\/p>\n\n\n\n<p><\/p>\n\n\n\n<p>Al respecto, en el contacto mantenido con este matutino se\u00f1al\u00f3: &#8220;<strong><em>Debemos ser respetuosos del proceso y de las personas involucradas. Yo creo que no alcanza con ver el video. Y tampoco hay que caer en consideraciones personales de la v\u00edctima ni de mi asistido. No es tan f\u00e1cil aventurar una opini\u00f3n pericial o una jur\u00eddica cuando hay una investigaci\u00f3n en curso&#8221;<\/em><\/strong>, sostuvo finalmente el Defensor Particular del transportista.<\/p>\n\n\n\n<p><\/p>\n\n\n\n<p><strong>El dato<\/strong><\/p>\n\n\n\n<p>La declaraci\u00f3n brindada ayer por Miguel Jorge Mele se constituye en su <strong>primer acto de defensa<\/strong> desde que resultara detenido por la <strong>muerte de Diego Maximiliano Marianache.\u00a0<\/strong><\/p>\n\n\n\n<p><\/p>\n\n\n\n<p>Si bien en un principio, considerando el derecho que le asiste, hab\u00eda optado por no hablar cuando el Fiscal lo cit\u00f3 a indagatoria, ahora s\u00ed lo hizo. Concretamente, sobre la base de lo que establece el ya mencionado art\u00edculo 317 del CPP de la provincia de Buenos Aires, que textualmente indica: <em>&#8220;El imputado podr\u00e1 declarar cuantas veces quiera, siempre que su declaraci\u00f3n sea pertinente. Asimismo, el Agente Fiscal podr\u00e1 disponer que la misma se ampl\u00ede, siempre que lo considere necesario&#8221;.<\/em><\/p>\n\n\n\n<p><\/p>\n\n\n\n<p><strong><em>Fuente: Diario el Tiempo<\/em><\/strong><\/p>\n","protected":false},"excerpt":{"rendered":"<p>Miguel Mele, desde la c\u00e1rcel brind\u00f3 un primer testimonio al diario El Tiempo sobre el fatal incidente vial donde su<\/p>\n","protected":false},"author":6,"featured_media":189100,"comment_status":"closed","ping_status":"closed","sticky":false,"template":"","format":"standard","meta":{"_jetpack_memberships_contains_paid_content":false,"footnotes":""},"categories":[14,1],"tags":[],"class_list":["post-189096","post","type-post","status-publish","format-standard","has-post-thumbnail","hentry","category-policiales","category-portada"],"jetpack_featured_media_url":"https:\/\/i0.wp.com\/cdnoticias.com\/wp-content\/uploads\/2025\/11\/azul-transportista-testimonio.jpg?fit=955%2C537&ssl=1","jetpack_sharing_enabled":true,"_links":{"self":[{"href":"https:\/\/cdnoticias.com\/index.php\/wp-json\/wp\/v2\/posts\/189096","targetHints":{"allow":["GET"]}}],"collection":[{"href":"https:\/\/cdnoticias.com\/index.php\/wp-json\/wp\/v2\/posts"}],"about":[{"href":"https:\/\/cdnoticias.com\/index.php\/wp-json\/wp\/v2\/types\/post"}],"author":[{"embeddable":true,"href":"https:\/\/cdnoticias.com\/index.php\/wp-json\/wp\/v2\/users\/6"}],"replies":[{"embeddable":true,"href":"https:\/\/cdnoticias.com\/index.php\/wp-json\/wp\/v2\/comments?post=189096"}],"version-history":[{"count":0,"href":"https:\/\/cdnoticias.com\/index.php\/wp-json\/wp\/v2\/posts\/189096\/revisions"}],"wp:featuredmedia":[{"embeddable":true,"href":"https:\/\/cdnoticias.com\/index.php\/wp-json\/wp\/v2\/media\/189100"}],"wp:attachment":[{"href":"https:\/\/cdnoticias.com\/index.php\/wp-json\/wp\/v2\/media?parent=189096"}],"wp:term":[{"taxonomy":"category","embeddable":true,"href":"https:\/\/cdnoticias.com\/index.php\/wp-json\/wp\/v2\/categories?post=189096"},{"taxonomy":"post_tag","embeddable":true,"href":"https:\/\/cdnoticias.com\/index.php\/wp-json\/wp\/v2\/tags?post=189096"}],"curies":[{"name":"wp","href":"https:\/\/api.w.org\/{rel}","templated":true}]}}