{"id":189079,"date":"2025-11-30T13:35:11","date_gmt":"2025-11-30T16:35:11","guid":{"rendered":"https:\/\/cdnoticias.com\/?p=189079"},"modified":"2025-11-30T13:35:13","modified_gmt":"2025-11-30T16:35:13","slug":"cierre-anual-del-taller-de-circo-del-club-el-provincial","status":"publish","type":"post","link":"https:\/\/cdnoticias.com\/index.php\/2025\/11\/30\/cierre-anual-del-taller-de-circo-del-club-el-provincial\/","title":{"rendered":"Cierre anual del Taller de Circo del Club El Provincial"},"content":{"rendered":"<p>Ni\u00f1os y ni\u00f1as presentaron un espect\u00e1culo final con malabares, acrobacias y artes a\u00e9reas.<!--more--><\/p>\n<hr \/>\n<p>El<strong> Taller de Circo del Club El Provincial<\/strong> realiz\u00f3 su <strong>espect\u00e1culo de cierre<\/strong>, donde ni\u00f1os y ni\u00f1as mostraron <strong>lo aprendido a lo largo del a\u00f1o.<\/strong><\/p>\n<p>\u00a0<\/p>\n<p>La actividad estuvo a cargo de<strong> Eze y Mar, integrantes del colectivo Circo Tab\u00fa<\/strong>, responsables de dictar las clases durante todo el ciclo.<\/p>\n<p>\u00a0<\/p>\n<p>La jornada se desarroll\u00f3 en la<strong> sede del club, ubicado en Belgrano y Tacuar\u00ed<\/strong>, donde las y los participantes ofrecieron <strong>una demostraci\u00f3n que incluy\u00f3 malabares, swing, acrobacias, tela y trapecio.<\/strong><\/p>\n<p>\u00a0<\/p>\n<p>El encuentro marc\u00f3 el cierre del taller que se desarroll\u00f3 a lo largo del a\u00f1o.<\/p>\n<p>\u00a0<\/p>\n<p>Desde la organizaci\u00f3n adelantaron que <strong>el pr\u00f3ximo a\u00f1o volver\u00e1n a abrirse las inscripciones<\/strong> para formar parte del taller, destinado a ni\u00f1os, ni\u00f1as y adolescentes. M\u00e1s informaci\u00f3n en la cuenta de Instagram @circotabu.<\/p>\n<p>\u00a0<\/p>\n\n\n<div class=\"wp-block-jetpack-slideshow aligncenter\" data-effect=\"slide\" style=\"--aspect-ratio:calc(1000 \/ 666)\"><div class=\"wp-block-jetpack-slideshow_container swiper\"><ul class=\"wp-block-jetpack-slideshow_swiper-wrapper swiper-wrapper\"><li class=\"wp-block-jetpack-slideshow_slide swiper-slide\"><figure><img data-recalc-dims=\"1\" loading=\"lazy\" decoding=\"async\" width=\"800\" height=\"533\" alt=\"\" class=\"wp-block-jetpack-slideshow_image wp-image-189091\" data-id=\"189091\" data-aspect-ratio=\"1000 \/ 666\" src=\"https:\/\/i0.wp.com\/cdnoticias.com\/wp-content\/uploads\/2025\/11\/el-provincial-taller-de-circo-6.jpeg?resize=800%2C533&#038;ssl=1\" srcset=\"https:\/\/i0.wp.com\/cdnoticias.com\/wp-content\/uploads\/2025\/11\/el-provincial-taller-de-circo-6.jpeg?w=1000&amp;ssl=1 1000w, https:\/\/i0.wp.com\/cdnoticias.com\/wp-content\/uploads\/2025\/11\/el-provincial-taller-de-circo-6.jpeg?resize=300%2C200&amp;ssl=1 300w, https:\/\/i0.wp.com\/cdnoticias.com\/wp-content\/uploads\/2025\/11\/el-provincial-taller-de-circo-6.jpeg?resize=768%2C511&amp;ssl=1 768w, https:\/\/i0.wp.com\/cdnoticias.com\/wp-content\/uploads\/2025\/11\/el-provincial-taller-de-circo-6.jpeg?resize=272%2C182&amp;ssl=1 272w\" sizes=\"(max-width: 800px) 100vw, 800px\" \/><\/figure><\/li><li class=\"wp-block-jetpack-slideshow_slide swiper-slide\"><figure><img data-recalc-dims=\"1\" loading=\"lazy\" decoding=\"async\" width=\"800\" height=\"533\" alt=\"\" class=\"wp-block-jetpack-slideshow_image wp-image-189094\" data-id=\"189094\" data-aspect-ratio=\"1000 \/ 666\" src=\"https:\/\/i0.wp.com\/cdnoticias.com\/wp-content\/uploads\/2025\/11\/el-provincial-taller-de-circo-1.jpeg?resize=800%2C533&#038;ssl=1\" srcset=\"https:\/\/i0.wp.com\/cdnoticias.com\/wp-content\/uploads\/2025\/11\/el-provincial-taller-de-circo-1.jpeg?w=1000&amp;ssl=1 1000w, https:\/\/i0.wp.com\/cdnoticias.com\/wp-content\/uploads\/2025\/11\/el-provincial-taller-de-circo-1.jpeg?resize=300%2C200&amp;ssl=1 300w, https:\/\/i0.wp.com\/cdnoticias.com\/wp-content\/uploads\/2025\/11\/el-provincial-taller-de-circo-1.jpeg?resize=768%2C511&amp;ssl=1 768w, https:\/\/i0.wp.com\/cdnoticias.com\/wp-content\/uploads\/2025\/11\/el-provincial-taller-de-circo-1.jpeg?resize=272%2C182&amp;ssl=1 272w\" sizes=\"(max-width: 800px) 100vw, 800px\" \/><\/figure><\/li><li class=\"wp-block-jetpack-slideshow_slide swiper-slide\"><figure><img data-recalc-dims=\"1\" loading=\"lazy\" decoding=\"async\" width=\"800\" height=\"300\" alt=\"\" class=\"wp-block-jetpack-slideshow_image wp-image-189090\" data-id=\"189090\" data-aspect-ratio=\"1000 \/ 375\" src=\"https:\/\/i0.wp.com\/cdnoticias.com\/wp-content\/uploads\/2025\/11\/el-provincial-taller-de-circo-00.jpg?resize=800%2C300&#038;ssl=1\" srcset=\"https:\/\/i0.wp.com\/cdnoticias.com\/wp-content\/uploads\/2025\/11\/el-provincial-taller-de-circo-00.jpg?w=1000&amp;ssl=1 1000w, https:\/\/i0.wp.com\/cdnoticias.com\/wp-content\/uploads\/2025\/11\/el-provincial-taller-de-circo-00.jpg?resize=300%2C113&amp;ssl=1 300w, https:\/\/i0.wp.com\/cdnoticias.com\/wp-content\/uploads\/2025\/11\/el-provincial-taller-de-circo-00.jpg?resize=768%2C288&amp;ssl=1 768w\" sizes=\"(max-width: 800px) 100vw, 800px\" \/><\/figure><\/li><li class=\"wp-block-jetpack-slideshow_slide swiper-slide\"><figure><img data-recalc-dims=\"1\" loading=\"lazy\" decoding=\"async\" width=\"800\" height=\"533\" alt=\"\" class=\"wp-block-jetpack-slideshow_image wp-image-189093\" data-id=\"189093\" data-aspect-ratio=\"1000 \/ 666\" src=\"https:\/\/i0.wp.com\/cdnoticias.com\/wp-content\/uploads\/2025\/11\/el-provincial-taller-de-circo-2.jpeg?resize=800%2C533&#038;ssl=1\" srcset=\"https:\/\/i0.wp.com\/cdnoticias.com\/wp-content\/uploads\/2025\/11\/el-provincial-taller-de-circo-2.jpeg?w=1000&amp;ssl=1 1000w, https:\/\/i0.wp.com\/cdnoticias.com\/wp-content\/uploads\/2025\/11\/el-provincial-taller-de-circo-2.jpeg?resize=300%2C200&amp;ssl=1 300w, https:\/\/i0.wp.com\/cdnoticias.com\/wp-content\/uploads\/2025\/11\/el-provincial-taller-de-circo-2.jpeg?resize=768%2C511&amp;ssl=1 768w, https:\/\/i0.wp.com\/cdnoticias.com\/wp-content\/uploads\/2025\/11\/el-provincial-taller-de-circo-2.jpeg?resize=272%2C182&amp;ssl=1 272w\" sizes=\"(max-width: 800px) 100vw, 800px\" \/><\/figure><\/li><li class=\"wp-block-jetpack-slideshow_slide swiper-slide\"><figure><img data-recalc-dims=\"1\" loading=\"lazy\" decoding=\"async\" width=\"800\" height=\"533\" alt=\"\" class=\"wp-block-jetpack-slideshow_image wp-image-189092\" data-id=\"189092\" data-aspect-ratio=\"1000 \/ 666\" src=\"https:\/\/i0.wp.com\/cdnoticias.com\/wp-content\/uploads\/2025\/11\/el-provincial-patin-5-1.jpeg?resize=800%2C533&#038;ssl=1\" srcset=\"https:\/\/i0.wp.com\/cdnoticias.com\/wp-content\/uploads\/2025\/11\/el-provincial-patin-5-1.jpeg?w=1000&amp;ssl=1 1000w, https:\/\/i0.wp.com\/cdnoticias.com\/wp-content\/uploads\/2025\/11\/el-provincial-patin-5-1.jpeg?resize=300%2C200&amp;ssl=1 300w, https:\/\/i0.wp.com\/cdnoticias.com\/wp-content\/uploads\/2025\/11\/el-provincial-patin-5-1.jpeg?resize=768%2C511&amp;ssl=1 768w, https:\/\/i0.wp.com\/cdnoticias.com\/wp-content\/uploads\/2025\/11\/el-provincial-patin-5-1.jpeg?resize=272%2C182&amp;ssl=1 272w\" sizes=\"(max-width: 800px) 100vw, 800px\" \/><\/figure><\/li><li class=\"wp-block-jetpack-slideshow_slide swiper-slide\"><figure><img data-recalc-dims=\"1\" loading=\"lazy\" decoding=\"async\" width=\"800\" height=\"533\" alt=\"\" class=\"wp-block-jetpack-slideshow_image wp-image-189095\" data-id=\"189095\" data-aspect-ratio=\"1000 \/ 666\" src=\"https:\/\/i0.wp.com\/cdnoticias.com\/wp-content\/uploads\/2025\/11\/el-provincial-taller-de-circo-7.jpeg?resize=800%2C533&#038;ssl=1\" srcset=\"https:\/\/i0.wp.com\/cdnoticias.com\/wp-content\/uploads\/2025\/11\/el-provincial-taller-de-circo-7.jpeg?w=1000&amp;ssl=1 1000w, https:\/\/i0.wp.com\/cdnoticias.com\/wp-content\/uploads\/2025\/11\/el-provincial-taller-de-circo-7.jpeg?resize=300%2C200&amp;ssl=1 300w, https:\/\/i0.wp.com\/cdnoticias.com\/wp-content\/uploads\/2025\/11\/el-provincial-taller-de-circo-7.jpeg?resize=768%2C511&amp;ssl=1 768w, https:\/\/i0.wp.com\/cdnoticias.com\/wp-content\/uploads\/2025\/11\/el-provincial-taller-de-circo-7.jpeg?resize=272%2C182&amp;ssl=1 272w\" sizes=\"(max-width: 800px) 100vw, 800px\" \/><\/figure><\/li><\/ul><a class=\"wp-block-jetpack-slideshow_button-prev swiper-button-prev swiper-button-white\" role=\"button\"><\/a><a class=\"wp-block-jetpack-slideshow_button-next swiper-button-next swiper-button-white\" role=\"button\"><\/a><a aria-label=\"Pause Slideshow\" class=\"wp-block-jetpack-slideshow_button-pause\" role=\"button\"><\/a><div class=\"wp-block-jetpack-slideshow_pagination swiper-pagination swiper-pagination-white\"><\/div><\/div><\/div>\n","protected":false},"excerpt":{"rendered":"<p>Ni\u00f1os y ni\u00f1as presentaron un espect\u00e1culo final con malabares, acrobacias y artes a\u00e9reas.<\/p>\n","protected":false},"author":4,"featured_media":189094,"comment_status":"closed","ping_status":"closed","sticky":false,"template":"","format":"standard","meta":{"_jetpack_memberships_contains_paid_content":false,"footnotes":""},"categories":[9,1],"tags":[],"class_list":["post-189079","post","type-post","status-publish","format-standard","has-post-thumbnail","hentry","category-cultura","category-portada"],"jetpack_featured_media_url":"https:\/\/i0.wp.com\/cdnoticias.com\/wp-content\/uploads\/2025\/11\/el-provincial-taller-de-circo-1.jpeg?fit=1000%2C666&ssl=1","jetpack_sharing_enabled":true,"_links":{"self":[{"href":"https:\/\/cdnoticias.com\/index.php\/wp-json\/wp\/v2\/posts\/189079","targetHints":{"allow":["GET"]}}],"collection":[{"href":"https:\/\/cdnoticias.com\/index.php\/wp-json\/wp\/v2\/posts"}],"about":[{"href":"https:\/\/cdnoticias.com\/index.php\/wp-json\/wp\/v2\/types\/post"}],"author":[{"embeddable":true,"href":"https:\/\/cdnoticias.com\/index.php\/wp-json\/wp\/v2\/users\/4"}],"replies":[{"embeddable":true,"href":"https:\/\/cdnoticias.com\/index.php\/wp-json\/wp\/v2\/comments?post=189079"}],"version-history":[{"count":0,"href":"https:\/\/cdnoticias.com\/index.php\/wp-json\/wp\/v2\/posts\/189079\/revisions"}],"wp:featuredmedia":[{"embeddable":true,"href":"https:\/\/cdnoticias.com\/index.php\/wp-json\/wp\/v2\/media\/189094"}],"wp:attachment":[{"href":"https:\/\/cdnoticias.com\/index.php\/wp-json\/wp\/v2\/media?parent=189079"}],"wp:term":[{"taxonomy":"category","embeddable":true,"href":"https:\/\/cdnoticias.com\/index.php\/wp-json\/wp\/v2\/categories?post=189079"},{"taxonomy":"post_tag","embeddable":true,"href":"https:\/\/cdnoticias.com\/index.php\/wp-json\/wp\/v2\/tags?post=189079"}],"curies":[{"name":"wp","href":"https:\/\/api.w.org\/{rel}","templated":true}]}}