{"id":189074,"date":"2025-11-29T13:05:45","date_gmt":"2025-11-29T16:05:45","guid":{"rendered":"https:\/\/cdnoticias.com\/?p=189074"},"modified":"2025-11-29T13:05:46","modified_gmt":"2025-11-29T16:05:46","slug":"el-foro-de-seguridad-rural-se-reunio-con-autoridades-policiales-del-sector-rural","status":"publish","type":"post","link":"https:\/\/cdnoticias.com\/index.php\/2025\/11\/29\/el-foro-de-seguridad-rural-se-reunio-con-autoridades-policiales-del-sector-rural\/","title":{"rendered":"El Foro de Seguridad Rural se reuni\u00f3 con autoridades policiales del sector rural"},"content":{"rendered":"<p>Recibieron a la flamante jefa del Destacamento Policial de Espigas y al titular del Comando de Prevenci\u00f3n Rural. Falta de personal y suministro de combustible, entre los temas tratados.<!--more--><\/p>\n<hr \/>\n<p>Integrantes del <strong>Foro de Seguridad Rural Argentino<\/strong> se reunieron con la <strong>flamante jefa del <a href=\"https:\/\/cdnoticias.com\/index.php\/2025\/11\/06\/nueva-jefa-en-el-destacamento-de-espigas\/\" target=\"_blank\" rel=\"noopener\">Destacamento Policial de Espigas<\/a><\/strong>.<\/p>\n<p>El encuentro se concret\u00f3 el jueves en un establecimiento rural de la zona donde <strong>los delegados de Olavarr\u00eda del Foro recibieron a la Oficial Principal Natalia Galv\u00e1n<\/strong>.<\/p>\n<p><img data-recalc-dims=\"1\" loading=\"lazy\" decoding=\"async\" class=\"alignnone size-full wp-image-189075 aligncenter\" src=\"https:\/\/i0.wp.com\/cdnoticias.com\/wp-content\/uploads\/2025\/11\/foro-de-seguridad-rural-2.jpeg?resize=800%2C360&#038;ssl=1\" alt=\"\" width=\"800\" height=\"360\" srcset=\"https:\/\/i0.wp.com\/cdnoticias.com\/wp-content\/uploads\/2025\/11\/foro-de-seguridad-rural-2.jpeg?w=1000&amp;ssl=1 1000w, https:\/\/i0.wp.com\/cdnoticias.com\/wp-content\/uploads\/2025\/11\/foro-de-seguridad-rural-2.jpeg?resize=300%2C135&amp;ssl=1 300w, https:\/\/i0.wp.com\/cdnoticias.com\/wp-content\/uploads\/2025\/11\/foro-de-seguridad-rural-2.jpeg?resize=768%2C346&amp;ssl=1 768w\" sizes=\"auto, (max-width: 800px) 100vw, 800px\" \/><\/p>\n<p>Asimismo, <strong>particip\u00f3 del encuentro el titular del Comando de Prevenci\u00f3n Rural de Olavarr\u00eda<\/strong>.<\/p>\n<p>Se explic\u00f3 que el objetivo de la reuni\u00f3n fue <strong>\u201cponernos a disposici\u00f3n para trabajar en conjunto a los problemas que aquejan a los productores de la zona\u201d<\/strong>.<\/p>\n<blockquote><p>Se inform\u00f3 que uno de los temas tratados fue \u201cel poco personal que hoy tienen las localidades y en cuanto al Destacamento de Espigas los productores seguimos reforzando con combustible para los m\u00f3viles ya que el combustible que suministra el Municipio es insuficiente para lograr una buena prevenci\u00f3n\u201d.<\/p><\/blockquote>\n","protected":false},"excerpt":{"rendered":"<p>Recibieron a la flamante jefa del Destacamento Policial de Espigas y al titular del Comando de Prevenci\u00f3n Rural. Falta de<\/p>\n","protected":false},"author":4,"featured_media":189076,"comment_status":"closed","ping_status":"closed","sticky":false,"template":"","format":"standard","meta":{"_jetpack_memberships_contains_paid_content":false,"footnotes":""},"categories":[14,1],"tags":[],"class_list":["post-189074","post","type-post","status-publish","format-standard","has-post-thumbnail","hentry","category-policiales","category-portada"],"jetpack_featured_media_url":"https:\/\/i0.wp.com\/cdnoticias.com\/wp-content\/uploads\/2025\/11\/foro-de-seguridad-rural-1.jpeg?fit=800%2C445&ssl=1","jetpack_sharing_enabled":true,"_links":{"self":[{"href":"https:\/\/cdnoticias.com\/index.php\/wp-json\/wp\/v2\/posts\/189074","targetHints":{"allow":["GET"]}}],"collection":[{"href":"https:\/\/cdnoticias.com\/index.php\/wp-json\/wp\/v2\/posts"}],"about":[{"href":"https:\/\/cdnoticias.com\/index.php\/wp-json\/wp\/v2\/types\/post"}],"author":[{"embeddable":true,"href":"https:\/\/cdnoticias.com\/index.php\/wp-json\/wp\/v2\/users\/4"}],"replies":[{"embeddable":true,"href":"https:\/\/cdnoticias.com\/index.php\/wp-json\/wp\/v2\/comments?post=189074"}],"version-history":[{"count":0,"href":"https:\/\/cdnoticias.com\/index.php\/wp-json\/wp\/v2\/posts\/189074\/revisions"}],"wp:featuredmedia":[{"embeddable":true,"href":"https:\/\/cdnoticias.com\/index.php\/wp-json\/wp\/v2\/media\/189076"}],"wp:attachment":[{"href":"https:\/\/cdnoticias.com\/index.php\/wp-json\/wp\/v2\/media?parent=189074"}],"wp:term":[{"taxonomy":"category","embeddable":true,"href":"https:\/\/cdnoticias.com\/index.php\/wp-json\/wp\/v2\/categories?post=189074"},{"taxonomy":"post_tag","embeddable":true,"href":"https:\/\/cdnoticias.com\/index.php\/wp-json\/wp\/v2\/tags?post=189074"}],"curies":[{"name":"wp","href":"https:\/\/api.w.org\/{rel}","templated":true}]}}