{"id":189052,"date":"2025-11-28T20:13:59","date_gmt":"2025-11-28T23:13:59","guid":{"rendered":"https:\/\/cdnoticias.com\/?p=189052"},"modified":"2025-11-29T12:28:53","modified_gmt":"2025-11-29T15:28:53","slug":"un-motociclista-resulto-herido-en-un-siniestro-vial-en-colon-y-lavalle","status":"publish","type":"post","link":"https:\/\/cdnoticias.com\/index.php\/2025\/11\/28\/un-motociclista-resulto-herido-en-un-siniestro-vial-en-colon-y-lavalle\/","title":{"rendered":"Un motociclista result\u00f3 herido en un siniestro vial en Col\u00f3n y Lavalle"},"content":{"rendered":"\n<p>Fue en la tarde de este viernes. El conductor de una moto 150cc debi\u00f3 ser trasladado de urgencia al Hospital Municipal luego de chocar a un autom\u00f3vil.<\/p>\n\n\n\n<hr class=\"wp-block-separator aligncenter has-alpha-channel-opacity\"\/>\n\n\n\n<p>Este viernes por la tarde, <strong>un motociclista result\u00f3 herido en un siniestro vial donde choc\u00f3 a un autom\u00f3vil en el cruce de Col\u00f3n y Lavalle.<\/strong><\/p>\n\n\n\n<p>Seg\u00fan se logr\u00f3 saber<strong>, la moto (de 150cc) se dirig\u00eda en sentido Brown a Pringles y no pudo esquivar a un Renault Clio que cruzaba por la avenida en Lavalle.<\/strong><\/p>\n\n\n\n<p>El impacto fue en la zona delantera izquierda del veh\u00edculo<strong> con importante violencia, ya que la moto qued\u00f3 en la mano contraria a la que sucedi\u00f3 el hecho.<\/strong><\/p>\n\n\n\n<figure class=\"wp-block-image size-full\"><img data-recalc-dims=\"1\" loading=\"lazy\" decoding=\"async\" width=\"800\" height=\"445\" src=\"https:\/\/i0.wp.com\/cdnoticias.com\/wp-content\/uploads\/2025\/11\/Diseno-sin-titulo-2-1.jpg?resize=800%2C445&#038;ssl=1\" alt=\"\" class=\"wp-image-189053\" srcset=\"https:\/\/i0.wp.com\/cdnoticias.com\/wp-content\/uploads\/2025\/11\/Diseno-sin-titulo-2-1.jpg?w=800&amp;ssl=1 800w, https:\/\/i0.wp.com\/cdnoticias.com\/wp-content\/uploads\/2025\/11\/Diseno-sin-titulo-2-1.jpg?resize=300%2C167&amp;ssl=1 300w, https:\/\/i0.wp.com\/cdnoticias.com\/wp-content\/uploads\/2025\/11\/Diseno-sin-titulo-2-1.jpg?resize=768%2C427&amp;ssl=1 768w\" sizes=\"auto, (max-width: 800px) 100vw, 800px\" \/><\/figure>\n\n\n\n<p>El conductor termin\u00f3 con heridas en sus piernas y <strong>debi\u00f3 ser derivado al Hospital Municipal donde era atendido. Seg\u00fan las primeras precisiones, no tendr\u00eda golpes de consideraci\u00f3n.<\/strong><\/p>\n\n\n\n<p>En el lugar adem\u00e1s de personal de Salud intervino personal de Comando de Patrullas que asisti\u00f3 a los damnificados y reorden\u00f3 el tr\u00e1nsito.<strong> Por estos minutos, continuaba cortada Col\u00f3n mano hacia Brown.<\/strong><\/p>\n","protected":false},"excerpt":{"rendered":"<p>Fue en la tarde de este viernes. El conductor de una moto 150cc debi\u00f3 ser trasladado de urgencia al Hospital<\/p>\n","protected":false},"author":2,"featured_media":189054,"comment_status":"closed","ping_status":"closed","sticky":false,"template":"","format":"standard","meta":{"_jetpack_memberships_contains_paid_content":false,"footnotes":""},"categories":[14,1],"tags":[],"class_list":["post-189052","post","type-post","status-publish","format-standard","has-post-thumbnail","hentry","category-policiales","category-portada"],"jetpack_featured_media_url":"https:\/\/i0.wp.com\/cdnoticias.com\/wp-content\/uploads\/2025\/11\/Diseno-sin-titulo-1-1.jpg?fit=800%2C445&ssl=1","jetpack_sharing_enabled":true,"_links":{"self":[{"href":"https:\/\/cdnoticias.com\/index.php\/wp-json\/wp\/v2\/posts\/189052","targetHints":{"allow":["GET"]}}],"collection":[{"href":"https:\/\/cdnoticias.com\/index.php\/wp-json\/wp\/v2\/posts"}],"about":[{"href":"https:\/\/cdnoticias.com\/index.php\/wp-json\/wp\/v2\/types\/post"}],"author":[{"embeddable":true,"href":"https:\/\/cdnoticias.com\/index.php\/wp-json\/wp\/v2\/users\/2"}],"replies":[{"embeddable":true,"href":"https:\/\/cdnoticias.com\/index.php\/wp-json\/wp\/v2\/comments?post=189052"}],"version-history":[{"count":0,"href":"https:\/\/cdnoticias.com\/index.php\/wp-json\/wp\/v2\/posts\/189052\/revisions"}],"wp:featuredmedia":[{"embeddable":true,"href":"https:\/\/cdnoticias.com\/index.php\/wp-json\/wp\/v2\/media\/189054"}],"wp:attachment":[{"href":"https:\/\/cdnoticias.com\/index.php\/wp-json\/wp\/v2\/media?parent=189052"}],"wp:term":[{"taxonomy":"category","embeddable":true,"href":"https:\/\/cdnoticias.com\/index.php\/wp-json\/wp\/v2\/categories?post=189052"},{"taxonomy":"post_tag","embeddable":true,"href":"https:\/\/cdnoticias.com\/index.php\/wp-json\/wp\/v2\/tags?post=189052"}],"curies":[{"name":"wp","href":"https:\/\/api.w.org\/{rel}","templated":true}]}}