{"id":189048,"date":"2025-11-28T19:46:07","date_gmt":"2025-11-28T22:46:07","guid":{"rendered":"https:\/\/cdnoticias.com\/?p=189048"},"modified":"2025-11-29T10:40:52","modified_gmt":"2025-11-29T13:40:52","slug":"el-ejecutivo-presento-el-presupuesto-2026-en-el-hcd-es-de-138-mil-millones-de-pesos","status":"publish","type":"post","link":"https:\/\/cdnoticias.com\/index.php\/2025\/11\/28\/el-ejecutivo-presento-el-presupuesto-2026-en-el-hcd-es-de-138-mil-millones-de-pesos\/","title":{"rendered":"El Ejecutivo present\u00f3 el Presupuesto 2026 en el HCD: es de 138 mil millones de pesos"},"content":{"rendered":"\n<p>Fue entregado por el intendente Wesner junto a la secretaria de Hacienda, Mar\u00eda Eugenia Bezzoni. Destacaron la inversi\u00f3n en obras y equipamiento para el Hospital Municipal, adem\u00e1s de obras educativas en todo el Partido.<\/p>\n\n\n\n<hr class=\"wp-block-separator aligncenter has-alpha-channel-opacity\"\/>\n\n\n\n<p>El intendente Maximiliano Wesner y la secretaria de Hacienda, Eugenia Bezzoni, <strong>presentaron este viernes el Presupuesto Municipal 2026 al presidente del Concejo Deliberante, Guillermo Santell\u00e1n. El c\u00e1lculo de recursos y gastos para el pr\u00f3ximo ejercicio asciende a $138.287.923.000.<\/strong><\/p>\n\n\n\n<p>El proyecto se formula, seg\u00fan se explic\u00f3 en un comunicado emitido este viernes,<strong> en un contexto econ\u00f3mico adverso: el Derecho de Explotaci\u00f3n de Canteras registra una variaci\u00f3n interanual negativa del 23% respecto de 2023, con una ca\u00edda del 24% en el caso de la piedra gran\u00edtica.<\/strong> Seg\u00fan se detall\u00f3, si se hubieran podido presupuestar las toneladas declaradas en 2023, <strong>el Municipio contar\u00eda con $5.000 millones adicionales. A la par, la coparticipaci\u00f3n bruta representa el 33% del total del presupuesto, por debajo del 35% registrado en el ejercicio 2023.<\/strong><\/p>\n\n\n\n<blockquote class=\"wp-block-quote is-layout-flow wp-block-quote-is-layout-flow\">\n<p>En este marco, el Presupuesto 2026 proyecta una inversi\u00f3n en obra p\u00fablica que incluye pavimento para los barrios Lourdes y Trabajadores, la ampliaci\u00f3n del Cementerio Loma de Paz, la creaci\u00f3n de una nueva celda en el Relleno Sanitario y la segunda etapa del Centro Deportivo y Recreativo Diego Armando Maradona.<\/p>\n<\/blockquote>\n\n\n\n<p>Para el sector productivo, se destaca la<strong> primera etapa de la construcci\u00f3n de la playa de camiones en inmediaciones de la Zona de Actividades Log\u00edsticas de Olavarr\u00eda (ZALO).<\/strong> Se trata de una demanda hist\u00f3rica que apunta a ordenar el tr\u00e1nsito pesado, mejorar la seguridad vial y fortalecer el parque log\u00edstico local.<\/p>\n\n\n\n<p>El plan de obras<strong> contempla adem\u00e1s la iluminaci\u00f3n de avenidas Eva Per\u00f3n y La Rioja, mejoras en agrupamientos industriales y trabajos financiados con el Fondo de Infraestructura Comercial y Empresarial.<\/strong><\/p>\n\n\n\n<p>En cuanto a h\u00e1bitat, se proyecta la <strong>construcci\u00f3n de 20 viviendas por c\u00edrculo cerrado en el barrio Pickelado, la ampliaci\u00f3n del Programa Municipal de Autoconstrucci\u00f3n y la urbanizaci\u00f3n de 70 lotes en Loma Negra y Sierra Chica. <\/strong>Tambi\u00e9n se prev\u00e9 continuar con las obras de servicios en los 180 lotes de Sierras Bayas y Colonia Hinojo.<\/p>\n\n\n\n<p>En materia de infraestructura de servicios<strong> se incluyen la obra de gas de Villa Aurora, la ampliaci\u00f3n de red en el barrio Ara San Juan y la primera etapa del cord\u00f3n cuneta para Villa Aurora e Isaura. A eso se suma la continuidad del plan de luminaria LED y la ejecuci\u00f3n del plan hidr\u00e1ulico<\/strong>, con intervenciones en avenida M\u00e1rquez, barrios Urquiza Sur y La Ara\u00f1a, Villa Aurora y otros sectores.<\/p>\n\n\n\n<blockquote class=\"wp-block-quote is-layout-flow wp-block-quote-is-layout-flow\">\n<p>Para salud, el Municipio destinar\u00e1 $700 millones al plan trienal de incorporaci\u00f3n de aparatolog\u00eda. Se prev\u00e9 la compra de un equipo de rayos digital directo, mesa de cirug\u00eda, autoclave, respiradores, monitores multiparam\u00e9tricos, l\u00e1mpara scial\u00edtica y dos ambulancias, entre otros elementos.<\/p>\n<\/blockquote>\n\n\n\n<p>En materia de seguridad, <strong>se proyecta la adquisici\u00f3n de c\u00e1maras y equipamiento para ampliar el sistema de monitoreo municipal.<\/strong><\/p>\n\n\n\n<p><strong>En educaci\u00f3n se contempla una inversi\u00f3n de $2.862 millones en infraestructura escolar, con trabajos en establecimientos de distintos niveles: obras en escuelas primarias, secundarias, jardines de infantes, centros complementarios y edificios de entidades educativas y asistenciales<\/strong>, por ejemplo la Escuela Primaria N\u00b052 y Secundaria N\u00b014, Escuela Primaria N\u00b024 y Secundaria N\u00b012, Escuela N\u00b015, Escuela N\u00b040 &#8211; Paraje Iturregui, Escuela Primaria N\u00ba57, Escuela Primaria N\u00b05, Reformas en el Jard\u00edn N\u00b0923, Escuela Primaria N\u00b011, Escuela Primaria N\u00b060, Jard\u00edn 927, CEC N\u00ba803, Obras en Escuela N\u00b017, Escuela Primaria N\u00b01, Escuela Primaria N\u00b08, Escuela Secundaria N\u00b016, Escuela Secundaria N\u00b02, Refacci\u00f3n CORIM &#8211; Sede Centro, Reparaci\u00f3n Madre Teresa de Calcuta, Obras de Refacci\u00f3n en Casa de Helen, Ampliaci\u00f3n y refacci\u00f3n Escuela Primaria N\u00b051.<\/p>\n\n\n\n<p>El Ejecutivo municipal remarc\u00f3 que, pese al escenario de ca\u00edda de ingresos,<strong>&#8220;el Presupuesto 2026 prioriza obras estrat\u00e9gicas, mejoras en infraestructura urbana, fortalecimiento de servicios y acompa\u00f1amiento a instituciones educativas y de salud del Partido&#8221;.<\/strong><\/p>\n","protected":false},"excerpt":{"rendered":"<p>Fue entregado por el intendente Wesner junto a la secretaria de Hacienda, Mar\u00eda Eugenia Bezzoni. Destacaron la inversi\u00f3n en obras<\/p>\n","protected":false},"author":2,"featured_media":189049,"comment_status":"closed","ping_status":"closed","sticky":false,"template":"","format":"standard","meta":{"_jetpack_memberships_contains_paid_content":false,"footnotes":""},"categories":[4,1],"tags":[],"class_list":["post-189048","post","type-post","status-publish","format-standard","has-post-thumbnail","hentry","category-politica","category-portada"],"jetpack_featured_media_url":"https:\/\/i0.wp.com\/cdnoticias.com\/wp-content\/uploads\/2025\/11\/WhatsApp-Image-2025-11-28-at-19.05.49-e1764369955710.jpeg?fit=1600%2C965&ssl=1","jetpack_sharing_enabled":true,"_links":{"self":[{"href":"https:\/\/cdnoticias.com\/index.php\/wp-json\/wp\/v2\/posts\/189048","targetHints":{"allow":["GET"]}}],"collection":[{"href":"https:\/\/cdnoticias.com\/index.php\/wp-json\/wp\/v2\/posts"}],"about":[{"href":"https:\/\/cdnoticias.com\/index.php\/wp-json\/wp\/v2\/types\/post"}],"author":[{"embeddable":true,"href":"https:\/\/cdnoticias.com\/index.php\/wp-json\/wp\/v2\/users\/2"}],"replies":[{"embeddable":true,"href":"https:\/\/cdnoticias.com\/index.php\/wp-json\/wp\/v2\/comments?post=189048"}],"version-history":[{"count":0,"href":"https:\/\/cdnoticias.com\/index.php\/wp-json\/wp\/v2\/posts\/189048\/revisions"}],"wp:featuredmedia":[{"embeddable":true,"href":"https:\/\/cdnoticias.com\/index.php\/wp-json\/wp\/v2\/media\/189049"}],"wp:attachment":[{"href":"https:\/\/cdnoticias.com\/index.php\/wp-json\/wp\/v2\/media?parent=189048"}],"wp:term":[{"taxonomy":"category","embeddable":true,"href":"https:\/\/cdnoticias.com\/index.php\/wp-json\/wp\/v2\/categories?post=189048"},{"taxonomy":"post_tag","embeddable":true,"href":"https:\/\/cdnoticias.com\/index.php\/wp-json\/wp\/v2\/tags?post=189048"}],"curies":[{"name":"wp","href":"https:\/\/api.w.org\/{rel}","templated":true}]}}