{"id":189035,"date":"2025-11-28T18:21:24","date_gmt":"2025-11-28T21:21:24","guid":{"rendered":"https:\/\/cdnoticias.com\/?p=189035"},"modified":"2025-11-30T18:31:09","modified_gmt":"2025-11-30T21:31:09","slug":"olavarria-fue-distinguida-como-municipio-comprometido-con-la-ninez-y-la-adolescencia","status":"publish","type":"post","link":"https:\/\/cdnoticias.com\/index.php\/2025\/11\/28\/olavarria-fue-distinguida-como-municipio-comprometido-con-la-ninez-y-la-adolescencia\/","title":{"rendered":"Olavarr\u00eda fue distinguida como \u201cMunicipio comprometido con la ni\u00f1ez y la adolescencia\u201d"},"content":{"rendered":"\n<p>El reconocimiento fue entregado este viernes al intendente Maximiliano Wesner por referentes del Programa Provincial MUNA, que cuenta con el acompa\u00f1amiento de Unicef.<\/p>\n\n\n\n<hr class=\"wp-block-separator aligncenter has-alpha-channel-opacity\"\/>\n\n\n\n<p>En la ma\u00f1ana de este viernes <strong>el Municipio de Olavarr\u00eda recibi\u00f3 la distinci\u00f3n como \u201cMunicipio comprometido con la ni\u00f1ez y la adolescencia\u201d. <\/strong>El galard\u00f3n fue entregado al intendente Maximiliano Wesner por representantes del<strong> Programa Provincial MUNA (Municipios Unidos por la Ni\u00f1ez y Adolescencia), una iniciativa del Gobierno bonaerense con apoyo de Unicef.<\/strong><\/p>\n\n\n\n<figure class=\"wp-block-image size-large\"><img data-recalc-dims=\"1\" loading=\"lazy\" decoding=\"async\" width=\"800\" height=\"534\" src=\"https:\/\/i0.wp.com\/cdnoticias.com\/wp-content\/uploads\/2025\/11\/MUNA-Proteccion-Derechos-16-scaled-1.jpg?resize=800%2C534&#038;ssl=1\" alt=\"\" class=\"wp-image-189038\" srcset=\"https:\/\/i0.wp.com\/cdnoticias.com\/wp-content\/uploads\/2025\/11\/MUNA-Proteccion-Derechos-16-scaled-1.jpg?resize=1024%2C683&amp;ssl=1 1024w, https:\/\/i0.wp.com\/cdnoticias.com\/wp-content\/uploads\/2025\/11\/MUNA-Proteccion-Derechos-16-scaled-1.jpg?resize=300%2C200&amp;ssl=1 300w, https:\/\/i0.wp.com\/cdnoticias.com\/wp-content\/uploads\/2025\/11\/MUNA-Proteccion-Derechos-16-scaled-1.jpg?resize=768%2C512&amp;ssl=1 768w, https:\/\/i0.wp.com\/cdnoticias.com\/wp-content\/uploads\/2025\/11\/MUNA-Proteccion-Derechos-16-scaled-1.jpg?resize=1536%2C1024&amp;ssl=1 1536w, https:\/\/i0.wp.com\/cdnoticias.com\/wp-content\/uploads\/2025\/11\/MUNA-Proteccion-Derechos-16-scaled-1.jpg?resize=2048%2C1366&amp;ssl=1 2048w, https:\/\/i0.wp.com\/cdnoticias.com\/wp-content\/uploads\/2025\/11\/MUNA-Proteccion-Derechos-16-scaled-1.jpg?resize=272%2C182&amp;ssl=1 272w, https:\/\/i0.wp.com\/cdnoticias.com\/wp-content\/uploads\/2025\/11\/MUNA-Proteccion-Derechos-16-scaled-1.jpg?w=1600&amp;ssl=1 1600w, https:\/\/i0.wp.com\/cdnoticias.com\/wp-content\/uploads\/2025\/11\/MUNA-Proteccion-Derechos-16-scaled-1.jpg?w=2400&amp;ssl=1 2400w\" sizes=\"auto, (max-width: 800px) 100vw, 800px\" \/><\/figure>\n\n\n\n<p>La actividad tuvo lugar en el Sal\u00f3n Rivadavia, en el marco de la presentaci\u00f3n del <strong>Plan de Acci\u00f3n que ser\u00e1 implementado durante los pr\u00f3ximos tres a\u00f1os por la Subsecretar\u00eda de Protecci\u00f3n Integral de Derechos de la Secretar\u00eda de Desarrollo de la Comunidad.<\/strong> Del acto participaron la secretaria de Desarrollo de la Comunidad Mar\u00eda Laura Gamberini, la subsecretaria Malena Pianciola, la referente provincial MUNA Natalia Lima, el consultor de Unicef Mart\u00edn De Paula y el consultor t\u00e9cnico del grupo Pharos, Sebasti\u00e1n Gastelu.<\/p>\n\n\n\n<figure class=\"wp-block-image size-large\"><img data-recalc-dims=\"1\" loading=\"lazy\" decoding=\"async\" width=\"800\" height=\"534\" src=\"https:\/\/i0.wp.com\/cdnoticias.com\/wp-content\/uploads\/2025\/11\/MUNA-Proteccion-Derechos-7-scaled-1.jpg?resize=800%2C534&#038;ssl=1\" alt=\"\" class=\"wp-image-189040\" srcset=\"https:\/\/i0.wp.com\/cdnoticias.com\/wp-content\/uploads\/2025\/11\/MUNA-Proteccion-Derechos-7-scaled-1.jpg?resize=1024%2C683&amp;ssl=1 1024w, https:\/\/i0.wp.com\/cdnoticias.com\/wp-content\/uploads\/2025\/11\/MUNA-Proteccion-Derechos-7-scaled-1.jpg?resize=300%2C200&amp;ssl=1 300w, https:\/\/i0.wp.com\/cdnoticias.com\/wp-content\/uploads\/2025\/11\/MUNA-Proteccion-Derechos-7-scaled-1.jpg?resize=768%2C512&amp;ssl=1 768w, https:\/\/i0.wp.com\/cdnoticias.com\/wp-content\/uploads\/2025\/11\/MUNA-Proteccion-Derechos-7-scaled-1.jpg?resize=1536%2C1024&amp;ssl=1 1536w, https:\/\/i0.wp.com\/cdnoticias.com\/wp-content\/uploads\/2025\/11\/MUNA-Proteccion-Derechos-7-scaled-1.jpg?resize=2048%2C1366&amp;ssl=1 2048w, https:\/\/i0.wp.com\/cdnoticias.com\/wp-content\/uploads\/2025\/11\/MUNA-Proteccion-Derechos-7-scaled-1.jpg?resize=272%2C182&amp;ssl=1 272w, https:\/\/i0.wp.com\/cdnoticias.com\/wp-content\/uploads\/2025\/11\/MUNA-Proteccion-Derechos-7-scaled-1.jpg?w=1600&amp;ssl=1 1600w, https:\/\/i0.wp.com\/cdnoticias.com\/wp-content\/uploads\/2025\/11\/MUNA-Proteccion-Derechos-7-scaled-1.jpg?w=2400&amp;ssl=1 2400w\" sizes=\"auto, (max-width: 800px) 100vw, 800px\" \/><\/figure>\n\n\n\n<p><em><strong>\u201cCelebro la presencia, la colaboraci\u00f3n, el acompa\u00f1amiento y este ida y vuelta que nos permite intercambiar con la Provincia y las instituciones\u201d<\/strong><\/em>, expres\u00f3 Wesner durante la presentaci\u00f3n. El intendente destac\u00f3 acciones municipales en materia de ni\u00f1ez y adolescencia, como la apertura del Jard\u00edn La Lomita, de la Casa de Abrigo Mujeres Adolescente y la firma del compromiso con el Programa MUNA<strong>. \u201cEste Municipio est\u00e1 presente, la provincia est\u00e1 presente, UNICEF est\u00e1 presente, el Grupo Pharos tambi\u00e9n est\u00e1 presente\u201d, se\u00f1al\u00f3.<\/strong><\/p>\n\n\n\n<figure class=\"wp-block-image size-large\"><img data-recalc-dims=\"1\" loading=\"lazy\" decoding=\"async\" width=\"800\" height=\"534\" src=\"https:\/\/i0.wp.com\/cdnoticias.com\/wp-content\/uploads\/2025\/11\/MUNA-Proteccion-Derechos-18-scaled-1.jpg?resize=800%2C534&#038;ssl=1\" alt=\"\" class=\"wp-image-189037\" srcset=\"https:\/\/i0.wp.com\/cdnoticias.com\/wp-content\/uploads\/2025\/11\/MUNA-Proteccion-Derechos-18-scaled-1.jpg?resize=1024%2C683&amp;ssl=1 1024w, https:\/\/i0.wp.com\/cdnoticias.com\/wp-content\/uploads\/2025\/11\/MUNA-Proteccion-Derechos-18-scaled-1.jpg?resize=300%2C200&amp;ssl=1 300w, https:\/\/i0.wp.com\/cdnoticias.com\/wp-content\/uploads\/2025\/11\/MUNA-Proteccion-Derechos-18-scaled-1.jpg?resize=768%2C512&amp;ssl=1 768w, https:\/\/i0.wp.com\/cdnoticias.com\/wp-content\/uploads\/2025\/11\/MUNA-Proteccion-Derechos-18-scaled-1.jpg?resize=1536%2C1024&amp;ssl=1 1536w, https:\/\/i0.wp.com\/cdnoticias.com\/wp-content\/uploads\/2025\/11\/MUNA-Proteccion-Derechos-18-scaled-1.jpg?resize=2048%2C1366&amp;ssl=1 2048w, https:\/\/i0.wp.com\/cdnoticias.com\/wp-content\/uploads\/2025\/11\/MUNA-Proteccion-Derechos-18-scaled-1.jpg?resize=272%2C182&amp;ssl=1 272w, https:\/\/i0.wp.com\/cdnoticias.com\/wp-content\/uploads\/2025\/11\/MUNA-Proteccion-Derechos-18-scaled-1.jpg?w=1600&amp;ssl=1 1600w, https:\/\/i0.wp.com\/cdnoticias.com\/wp-content\/uploads\/2025\/11\/MUNA-Proteccion-Derechos-18-scaled-1.jpg?w=2400&amp;ssl=1 2400w\" sizes=\"auto, (max-width: 800px) 100vw, 800px\" \/><\/figure>\n\n\n\n<p>Luego, Natalia Lima hizo entrega formal de la distinci\u00f3n. <em><strong>\u201cEsto es un reconocimiento muy importante, con el sello de un organismo internacional como UNICEF. Es resultado del trabajo que vienen realizando ustedes, con compromiso pol\u00edtico para poner a las infancias y adolescencias en el centro de la agenda\u201d<\/strong><\/em>, afirm\u00f3.<\/p>\n\n\n\n<p>Mart\u00edn De Paula agreg\u00f3 que el programa busca <em>\u201cfortalecer lo que ustedes ya vienen haciendo, ponerlo en valor y pensar c\u00f3mo mejorarlo de ac\u00e1 a los pr\u00f3ximos tres a\u00f1os\u201d.<\/em> <strong>MUNA se implementa actualmente en 160 municipios de diez provincias del pa\u00eds.<\/strong><\/p>\n","protected":false},"excerpt":{"rendered":"<p>El reconocimiento fue entregado este viernes al intendente Maximiliano Wesner por referentes del Programa Provincial MUNA, que cuenta con el<\/p>\n","protected":false},"author":2,"featured_media":189041,"comment_status":"closed","ping_status":"closed","sticky":false,"template":"","format":"standard","meta":{"_jetpack_memberships_contains_paid_content":false,"footnotes":""},"categories":[5,1],"tags":[],"class_list":["post-189035","post","type-post","status-publish","format-standard","has-post-thumbnail","hentry","category-informacion-general","category-portada"],"jetpack_featured_media_url":"https:\/\/i0.wp.com\/cdnoticias.com\/wp-content\/uploads\/2025\/11\/MUNA-Proteccion-Derechos-8-scaled-1.jpg?fit=2560%2C1707&ssl=1","jetpack_sharing_enabled":true,"_links":{"self":[{"href":"https:\/\/cdnoticias.com\/index.php\/wp-json\/wp\/v2\/posts\/189035","targetHints":{"allow":["GET"]}}],"collection":[{"href":"https:\/\/cdnoticias.com\/index.php\/wp-json\/wp\/v2\/posts"}],"about":[{"href":"https:\/\/cdnoticias.com\/index.php\/wp-json\/wp\/v2\/types\/post"}],"author":[{"embeddable":true,"href":"https:\/\/cdnoticias.com\/index.php\/wp-json\/wp\/v2\/users\/2"}],"replies":[{"embeddable":true,"href":"https:\/\/cdnoticias.com\/index.php\/wp-json\/wp\/v2\/comments?post=189035"}],"version-history":[{"count":0,"href":"https:\/\/cdnoticias.com\/index.php\/wp-json\/wp\/v2\/posts\/189035\/revisions"}],"wp:featuredmedia":[{"embeddable":true,"href":"https:\/\/cdnoticias.com\/index.php\/wp-json\/wp\/v2\/media\/189041"}],"wp:attachment":[{"href":"https:\/\/cdnoticias.com\/index.php\/wp-json\/wp\/v2\/media?parent=189035"}],"wp:term":[{"taxonomy":"category","embeddable":true,"href":"https:\/\/cdnoticias.com\/index.php\/wp-json\/wp\/v2\/categories?post=189035"},{"taxonomy":"post_tag","embeddable":true,"href":"https:\/\/cdnoticias.com\/index.php\/wp-json\/wp\/v2\/tags?post=189035"}],"curies":[{"name":"wp","href":"https:\/\/api.w.org\/{rel}","templated":true}]}}