{"id":189025,"date":"2025-11-28T12:50:09","date_gmt":"2025-11-28T15:50:09","guid":{"rendered":"https:\/\/cdnoticias.com\/?p=189025"},"modified":"2025-11-28T16:01:33","modified_gmt":"2025-11-28T19:01:33","slug":"matrella-advirtio-un-error-en-las-primeras-chapas-de-tranqueras-conectadas-y-pidio-corregir-la-impresion","status":"publish","type":"post","link":"https:\/\/cdnoticias.com\/index.php\/2025\/11\/28\/matrella-advirtio-un-error-en-las-primeras-chapas-de-tranqueras-conectadas-y-pidio-corregir-la-impresion\/","title":{"rendered":"Matrella advirti\u00f3 un error en las primeras chapas de \u201cTranqueras Conectadas\u201d y pidi\u00f3 corregir la impresi\u00f3n"},"content":{"rendered":"\n<p>Seg\u00fan el concejal, las placas exhiben un n\u00famero de ordenanza inexistente. Apunt\u00f3 al costo del error y si a\u00fan es posible corregir las nuevas identificaciones.<\/p>\n\n\n\n<hr class=\"wp-block-separator has-alpha-channel-opacity\"\/>\n\n\n\n<p>En la tarde de este jueves, <a href=\"https:\/\/cdnoticias.com\/index.php\/2025\/11\/28\/wesner-encabezo-la-presentacion-oficial-de-tranqueras-conectadas-en-el-salon-rivadavia\/\" data-type=\"link\" data-id=\"https:\/\/cdnoticias.com\/index.php\/2025\/11\/28\/wesner-encabezo-la-presentacion-oficial-de-tranqueras-conectadas-en-el-salon-rivadavia\/\">se llev\u00f3 adelante la presentaci\u00f3n del Programa \u201cTranqueras Conectadas\u201d,<\/a> un Proyecto de Ordenanza que fue elaborado por el bloque de concejales de la Uni\u00f3n C\u00edvica Radical y que tiene por objetivo ubicar de manera r\u00e1pida y precisa el acceso a los establecimientos rurales y mejorar las condiciones de seguridad.<\/p>\n\n\n\n<p><\/p>\n\n\n\n<p>Adem\u00e1s, <strong>posibilita una mejora en la capacidad de respuesta,<\/strong> no solo en los llamados o alertas de emergencia, sea esta una patrulla policial o una dotaci\u00f3n de bomberos, sino tambi\u00e9n para uso productivo y cotidiano de los productores.<\/p>\n\n\n\n<p><\/p>\n\n\n\n<p>En este sentido, el edil <strong>Sebasti\u00e1n Matrella <\/strong>se\u00f1al\u00f3 que \u201cdespu\u00e9s de mucho tiempo, se realiz\u00f3 la presentaci\u00f3n del Programa Tranqueras Conectadas, un sistema que hace bastante que el sector estaba esperando por la importancia que tiene\u201d.<\/p>\n\n\n\n<p><\/p>\n\n\n\n<blockquote class=\"wp-block-quote is-layout-flow wp-block-quote-is-layout-flow\">\n<p>\u201cDurante la actividad, me llam\u00f3 la atenci\u00f3n el n\u00famero de la Ordenanza que estaba impreso en las chapas identificatorias y que no coincid\u00eda con el n\u00famero de la Ordenanza que fue promulgada y es la 5023\/22. El n\u00famero que figura en las chapas es el 2344\/24 que no existe\u201d, manifest\u00f3.<\/p>\n<\/blockquote>\n\n\n\n<p><\/p>\n\n\n\n<p><strong>\u201cEvidentemente hay un error en la confecci\u00f3n de las primeras 400 chapas identificatorias que tendr\u00e1 que corregirse. Me pregunt\u00f3 cu\u00e1l fue el costo de esta equivocaci\u00f3n y si todav\u00eda se est\u00e1 a tiempo de arreglar la impresi\u00f3n de las nuevas identificaciones\u201d<\/strong>, cerr\u00f3.<\/p>\n\n\n\n<p><\/p>\n\n\n\n<figure class=\"wp-block-embed is-type-wp-embed is-provider-central-de-noticias-olavarr-a wp-block-embed-central-de-noticias-olavarr-a\"><div class=\"wp-block-embed__wrapper\">\n<blockquote class=\"wp-embedded-content\" data-secret=\"0SlLl1Km9P\"><a href=\"https:\/\/cdnoticias.com\/index.php\/2025\/11\/28\/wesner-encabezo-la-presentacion-oficial-de-tranqueras-conectadas-en-el-salon-rivadavia\/\">Wesner encabez\u00f3 la presentaci\u00f3n oficial de \u201cTranqueras Conectadas\u201d en el Sal\u00f3n Rivadavia<\/a><\/blockquote><iframe loading=\"lazy\" class=\"wp-embedded-content\" sandbox=\"allow-scripts\" security=\"restricted\" style=\"position: absolute; visibility: hidden;\" title=\"&#8220;Wesner encabez\u00f3 la presentaci\u00f3n oficial de \u201cTranqueras Conectadas\u201d en el Sal\u00f3n Rivadavia&#8221; &#8212; Central de Noticias | Olavarr\u00eda\" src=\"https:\/\/cdnoticias.com\/index.php\/2025\/11\/28\/wesner-encabezo-la-presentacion-oficial-de-tranqueras-conectadas-en-el-salon-rivadavia\/embed\/#?secret=eLvdAUzAfN#?secret=0SlLl1Km9P\" data-secret=\"0SlLl1Km9P\" width=\"600\" height=\"338\" frameborder=\"0\" marginwidth=\"0\" marginheight=\"0\" scrolling=\"no\"><\/iframe>\n<\/div><\/figure>\n","protected":false},"excerpt":{"rendered":"<p>Seg\u00fan el concejal, las placas exhiben un n\u00famero de ordenanza inexistente. Apunt\u00f3 al costo del error y si a\u00fan es<\/p>\n","protected":false},"author":5,"featured_media":189005,"comment_status":"closed","ping_status":"closed","sticky":false,"template":"","format":"standard","meta":{"_jetpack_memberships_contains_paid_content":false,"footnotes":""},"categories":[5,1],"tags":[],"class_list":["post-189025","post","type-post","status-publish","format-standard","has-post-thumbnail","hentry","category-informacion-general","category-portada"],"jetpack_featured_media_url":"https:\/\/i0.wp.com\/cdnoticias.com\/wp-content\/uploads\/2025\/11\/tranqueras-conectadas-2.png?fit=800%2C445&ssl=1","jetpack_sharing_enabled":true,"_links":{"self":[{"href":"https:\/\/cdnoticias.com\/index.php\/wp-json\/wp\/v2\/posts\/189025","targetHints":{"allow":["GET"]}}],"collection":[{"href":"https:\/\/cdnoticias.com\/index.php\/wp-json\/wp\/v2\/posts"}],"about":[{"href":"https:\/\/cdnoticias.com\/index.php\/wp-json\/wp\/v2\/types\/post"}],"author":[{"embeddable":true,"href":"https:\/\/cdnoticias.com\/index.php\/wp-json\/wp\/v2\/users\/5"}],"replies":[{"embeddable":true,"href":"https:\/\/cdnoticias.com\/index.php\/wp-json\/wp\/v2\/comments?post=189025"}],"version-history":[{"count":0,"href":"https:\/\/cdnoticias.com\/index.php\/wp-json\/wp\/v2\/posts\/189025\/revisions"}],"wp:featuredmedia":[{"embeddable":true,"href":"https:\/\/cdnoticias.com\/index.php\/wp-json\/wp\/v2\/media\/189005"}],"wp:attachment":[{"href":"https:\/\/cdnoticias.com\/index.php\/wp-json\/wp\/v2\/media?parent=189025"}],"wp:term":[{"taxonomy":"category","embeddable":true,"href":"https:\/\/cdnoticias.com\/index.php\/wp-json\/wp\/v2\/categories?post=189025"},{"taxonomy":"post_tag","embeddable":true,"href":"https:\/\/cdnoticias.com\/index.php\/wp-json\/wp\/v2\/tags?post=189025"}],"curies":[{"name":"wp","href":"https:\/\/api.w.org\/{rel}","templated":true}]}}