{"id":189023,"date":"2025-11-28T13:39:35","date_gmt":"2025-11-28T16:39:35","guid":{"rendered":"https:\/\/cdnoticias.com\/?p=189023"},"modified":"2025-11-28T18:20:49","modified_gmt":"2025-11-28T21:20:49","slug":"cuatro-kilos-de-cogollos-y-89-plantas-de-marihuana-un-acusado-con-arresto-domiciliario","status":"publish","type":"post","link":"https:\/\/cdnoticias.com\/index.php\/2025\/11\/28\/cuatro-kilos-de-cogollos-y-89-plantas-de-marihuana-un-acusado-con-arresto-domiciliario\/","title":{"rendered":"Cuatro kilos de cogollos y 89 plantas de marihuana: un acusado, con arresto domiciliario"},"content":{"rendered":"<p>Para la segunda acusada no se dispusieron medidas. Se dict\u00f3 un embargo de un mill\u00f3n de pesos. Investiga la Justicia Federal. Los hallazgos se produjeron en el allanamiento por los robacables.<!--more--><\/p>\n<hr \/>\n<p><a href=\"https:\/\/cdnoticias.com\/index.php\/2025\/11\/19\/se-conocieron-mas-detalles-de-los-allanamientos-que-encontraron-una-banda-de-robacables\/\" target=\"_blank\" rel=\"noopener\">A mediados de noviembre<\/a>, en los <strong>allanamientos por la causa de los robacables en Olavarr\u00eda<\/strong> se dio a conocer el <strong>hallazgo de importante cantidad de marihuana<\/strong> lo que dio inicio a una <strong>causa penal por infracci\u00f3n a la Ley 23.737<\/strong> en el \u00e1mbito de la<strong> Justicia Federal de Azul<\/strong>. Ahora se conocieron<strong> novedades respecto de los imputados<\/strong> en el caso.<\/p>\n<p>\u00a0<\/p>\n<p>Seg\u00fan se detall\u00f3, dentro del <strong>predio allanado -en inmediaciones de Rivadavia y calle 108-\u00a0 se encontraron casi 4 kilos de cogollos de marihuana<\/strong>, divisados en diferentes recipientes de telgopor, cart\u00f3n y pl\u00e1stico, <strong>en una vivienda contigua donde habitaba una pareja.<\/strong><\/p>\n<p>\u00a0<\/p>\n<p>Sobre el terreno del fondo, <strong>se encontraron un total de 89 plantas o plantines de marihuana<\/strong>. Algunas de ellas estaban <strong>en macetas improvisadas con ladrillos<\/strong> y otras directamente <strong>en la tierra dentro de una estructura de hierro<\/strong> de un gran tama\u00f1o al <strong>estilo de invernadero<\/strong>. Adem\u00e1s, se secuestraron, en el patio de la casa, un total de <strong>36 frascos de vidrio que se presumen utilizaban como recipientes para vender la sustancia<\/strong>.<\/p>\n<p>\u00a0<\/p>\n<p><img data-recalc-dims=\"1\" loading=\"lazy\" decoding=\"async\" class=\"alignnone size-full wp-image-188122 aligncenter\" src=\"https:\/\/i0.wp.com\/cdnoticias.com\/wp-content\/uploads\/2025\/11\/allanamiento-federal-rivadavia-y-calle-108-03.jpg?resize=800%2C445&#038;ssl=1\" alt=\"\" width=\"800\" height=\"445\" srcset=\"https:\/\/i0.wp.com\/cdnoticias.com\/wp-content\/uploads\/2025\/11\/allanamiento-federal-rivadavia-y-calle-108-03.jpg?w=900&amp;ssl=1 900w, https:\/\/i0.wp.com\/cdnoticias.com\/wp-content\/uploads\/2025\/11\/allanamiento-federal-rivadavia-y-calle-108-03.jpg?resize=300%2C167&amp;ssl=1 300w, https:\/\/i0.wp.com\/cdnoticias.com\/wp-content\/uploads\/2025\/11\/allanamiento-federal-rivadavia-y-calle-108-03.jpg?resize=768%2C428&amp;ssl=1 768w, https:\/\/i0.wp.com\/cdnoticias.com\/wp-content\/uploads\/2025\/11\/allanamiento-federal-rivadavia-y-calle-108-03.jpg?resize=800%2C445&amp;ssl=1 800w\" sizes=\"auto, (max-width: 800px) 100vw, 800px\" \/><\/p>\n<p>\u00a0<\/p>\n<p>Ante el hallazgo de los elementos mencionados y en funci\u00f3n de lo dispuesto en el art\u00edculo 216 del C\u00f3digo Procesal Penal Federal (CPPF), se procedi\u00f3 a la <strong>aprehensi\u00f3n del hombre<\/strong> y se puso en conocimiento al juez de Garant\u00edas de Azul. <strong>En relaci\u00f3n a la mujer, no se adopt\u00f3 medida restrictiva de la libertad dado que se encontraba con sus tres hijos menores de edad.<\/strong><\/p>\n<p>\u00a0<\/p>\n<p>Por este nuevo caso &#8211;<a href=\"https:\/\/cdnoticias.com\/index.php\/2025\/11\/28\/banda-de-robacables-la-camara-federal-de-apelaciones-revoco-las-cuatro-detenciones\/\" target=\"_blank\" rel=\"noopener\">desligado de la investigaci\u00f3n por el robo de cables<\/a>-, la auxiliar fiscal Mar\u00eda Jos\u00e9 Buglione requiri\u00f3, en una <strong>audiencia realizada el 20 de noviembre, la convalidaci\u00f3n de la aprehensi\u00f3n y la formalizaci\u00f3n de la investigaci\u00f3n<\/strong>, para la cual requiri\u00f3 se otorgue un plazo de 120 d\u00edas corridos, lo que fue <strong>convalidado por el juez federal de Azul, Gabriel Di Giulio.<\/strong><\/p>\n<p>\u00a0<\/p>\n<blockquote>\n<p>En funci\u00f3n de lo solicitado por la Defensa P\u00fablica Oficial, el magistrado otorg\u00f3 el arresto domiciliario con monitoreo electr\u00f3nico para el hombre y no dispuso ninguna medida de coerci\u00f3n en relaci\u00f3n a la mujer.<\/p>\n<\/blockquote>\n<p>\u00a0<\/p>\n<p>Acerca de las dem\u00e1s solicitudes de la auxiliar fiscal, hizo lugar al <strong>embargo por el monto de un mill\u00f3n de pesos<\/strong>, levant\u00f3 el secreto bancario, financiero y fiscal, y <strong>autoriz\u00f3 la apertura de los tel\u00e9fonos<\/strong>.<\/p>\n<p>\u00a0<\/p>\n<p>Fuente y foto de tapa: <em>fiscales.gob.ar<\/em><\/p>\n\n\n<p><\/p>\n","protected":false},"excerpt":{"rendered":"<p>Para la segunda acusada no se dispusieron medidas. Se dict\u00f3 un embargo de un mill\u00f3n de pesos. Investiga la Justicia<\/p>\n","protected":false},"author":4,"featured_media":189012,"comment_status":"closed","ping_status":"closed","sticky":false,"template":"","format":"standard","meta":{"_jetpack_memberships_contains_paid_content":false,"footnotes":""},"categories":[14,1],"tags":[],"class_list":["post-189023","post","type-post","status-publish","format-standard","has-post-thumbnail","hentry","category-policiales","category-portada"],"jetpack_featured_media_url":"https:\/\/i0.wp.com\/cdnoticias.com\/wp-content\/uploads\/2025\/11\/robacables-olavarria-policia-federal-02.jpeg?fit=921%2C614&ssl=1","jetpack_sharing_enabled":true,"_links":{"self":[{"href":"https:\/\/cdnoticias.com\/index.php\/wp-json\/wp\/v2\/posts\/189023","targetHints":{"allow":["GET"]}}],"collection":[{"href":"https:\/\/cdnoticias.com\/index.php\/wp-json\/wp\/v2\/posts"}],"about":[{"href":"https:\/\/cdnoticias.com\/index.php\/wp-json\/wp\/v2\/types\/post"}],"author":[{"embeddable":true,"href":"https:\/\/cdnoticias.com\/index.php\/wp-json\/wp\/v2\/users\/4"}],"replies":[{"embeddable":true,"href":"https:\/\/cdnoticias.com\/index.php\/wp-json\/wp\/v2\/comments?post=189023"}],"version-history":[{"count":0,"href":"https:\/\/cdnoticias.com\/index.php\/wp-json\/wp\/v2\/posts\/189023\/revisions"}],"wp:featuredmedia":[{"embeddable":true,"href":"https:\/\/cdnoticias.com\/index.php\/wp-json\/wp\/v2\/media\/189012"}],"wp:attachment":[{"href":"https:\/\/cdnoticias.com\/index.php\/wp-json\/wp\/v2\/media?parent=189023"}],"wp:term":[{"taxonomy":"category","embeddable":true,"href":"https:\/\/cdnoticias.com\/index.php\/wp-json\/wp\/v2\/categories?post=189023"},{"taxonomy":"post_tag","embeddable":true,"href":"https:\/\/cdnoticias.com\/index.php\/wp-json\/wp\/v2\/tags?post=189023"}],"curies":[{"name":"wp","href":"https:\/\/api.w.org\/{rel}","templated":true}]}}