{"id":188969,"date":"2025-11-27T19:27:47","date_gmt":"2025-11-27T22:27:47","guid":{"rendered":"https:\/\/cdnoticias.com\/?p=188969"},"modified":"2025-11-28T08:40:09","modified_gmt":"2025-11-28T11:40:09","slug":"continuan-los-trabajos-en-la-barranca-del-arroyo-tapalque-y-habra-nuevos-cortes-de-transito","status":"publish","type":"post","link":"https:\/\/cdnoticias.com\/index.php\/2025\/11\/27\/continuan-los-trabajos-en-la-barranca-del-arroyo-tapalque-y-habra-nuevos-cortes-de-transito\/","title":{"rendered":"Contin\u00faan los trabajos en la barranca del arroyo Tapalqu\u00e9 y habr\u00e1 nuevos cortes de tr\u00e1nsito"},"content":{"rendered":"\n<p>Este viernes desde las 06:00 horas estar\u00e1 cortado Wagner Clar entre Hornos y General Paz para continuar los trabajos que comenzaron este jueves. El detalle.<\/p>\n\n\n\n<hr class=\"wp-block-separator aligncenter has-alpha-channel-opacity\"\/>\n\n\n\n<p>Luego de haber comenzado con los trabajos en la barranca del arroyo Tapalqu\u00e9,<strong> este viernes continuar\u00e1n desde la Direcci\u00f3n de Hidr\u00e1ulica con las tareas y habr\u00e1 nuevos cortes de tr\u00e1nsito en la zona.<\/strong><\/p>\n\n\n\n<blockquote class=\"wp-block-quote is-layout-flow wp-block-quote-is-layout-flow\">\n<p>Seg\u00fan se explic\u00f3 desde el Municipio, desde las 06:00 de este viernes se cortar\u00e1 al tr\u00e1nsito Wagner Clar entre Hornos y Coronel Su\u00e1rez. Si bien no se especific\u00f3 con exactitud, se estima que a las 15:00 horas se levantar\u00edan los cortes.<\/p>\n<\/blockquote>\n\n\n\n<p>La idea es <strong>avanzar con la distribuci\u00f3n y ordenamiento del hormig\u00f3n de demolici\u00f3n que ha sido depositado en el lugar en los \u00faltimos meses, con el objetivo de aportar consistencia y rigidez al lugar.<\/strong> Se apela a la colaboraci\u00f3n de las personas que deban circular por el sector, detallaron.<\/p>\n\n\n\n<p>Justamente,<strong> este corte es preventivo para permitir la normal y segura circulaci\u00f3n de m\u00e1quinas, que desde ese lugar acceder\u00e1n al arroyo Tapalqu\u00e9 para poder trabajar sobre la parte baja de la barranca<\/strong> lindera al puente de calle Hornos y en toda esa zona.<\/p>\n\n\n\n<p><\/p>\n","protected":false},"excerpt":{"rendered":"<p>Este viernes desde las 06:00 horas estar\u00e1 cortado Wagner Clar entre Hornos y General Paz para continuar los trabajos que<\/p>\n","protected":false},"author":2,"featured_media":185788,"comment_status":"closed","ping_status":"closed","sticky":false,"template":"","format":"standard","meta":{"_jetpack_memberships_contains_paid_content":false,"footnotes":""},"categories":[5,1],"tags":[],"class_list":["post-188969","post","type-post","status-publish","format-standard","has-post-thumbnail","hentry","category-informacion-general","category-portada"],"jetpack_featured_media_url":"https:\/\/i0.wp.com\/cdnoticias.com\/wp-content\/uploads\/2025\/10\/Barranca-Arroyo-Tapalque-Obras-Publicas-Socavamiento-2-e1761077842847.jpeg?fit=2560%2C1330&ssl=1","jetpack_sharing_enabled":true,"_links":{"self":[{"href":"https:\/\/cdnoticias.com\/index.php\/wp-json\/wp\/v2\/posts\/188969","targetHints":{"allow":["GET"]}}],"collection":[{"href":"https:\/\/cdnoticias.com\/index.php\/wp-json\/wp\/v2\/posts"}],"about":[{"href":"https:\/\/cdnoticias.com\/index.php\/wp-json\/wp\/v2\/types\/post"}],"author":[{"embeddable":true,"href":"https:\/\/cdnoticias.com\/index.php\/wp-json\/wp\/v2\/users\/2"}],"replies":[{"embeddable":true,"href":"https:\/\/cdnoticias.com\/index.php\/wp-json\/wp\/v2\/comments?post=188969"}],"version-history":[{"count":0,"href":"https:\/\/cdnoticias.com\/index.php\/wp-json\/wp\/v2\/posts\/188969\/revisions"}],"wp:featuredmedia":[{"embeddable":true,"href":"https:\/\/cdnoticias.com\/index.php\/wp-json\/wp\/v2\/media\/185788"}],"wp:attachment":[{"href":"https:\/\/cdnoticias.com\/index.php\/wp-json\/wp\/v2\/media?parent=188969"}],"wp:term":[{"taxonomy":"category","embeddable":true,"href":"https:\/\/cdnoticias.com\/index.php\/wp-json\/wp\/v2\/categories?post=188969"},{"taxonomy":"post_tag","embeddable":true,"href":"https:\/\/cdnoticias.com\/index.php\/wp-json\/wp\/v2\/tags?post=188969"}],"curies":[{"name":"wp","href":"https:\/\/api.w.org\/{rel}","templated":true}]}}