{"id":188955,"date":"2025-11-27T18:34:09","date_gmt":"2025-11-27T21:34:09","guid":{"rendered":"https:\/\/cdnoticias.com\/?p=188955"},"modified":"2025-11-27T18:34:11","modified_gmt":"2025-11-27T21:34:11","slug":"crean-por-ley-un-incaa-bonaerense-para-fomentar-el-cine-y-atraer-inversiones","status":"publish","type":"post","link":"https:\/\/cdnoticias.com\/index.php\/2025\/11\/27\/crean-por-ley-un-incaa-bonaerense-para-fomentar-el-cine-y-atraer-inversiones\/","title":{"rendered":"Crean por ley un &#8220;INCAA bonaerense&#8221; para fomentar el cine y atraer inversiones"},"content":{"rendered":"\n<p>La provincia de Buenos Aires aprob\u00f3 una ley largamente reclamada por el sector audiovisual e impulsada por el Gobierno de Axel Kicillof.<\/p>\n\n\n\n<hr class=\"wp-block-separator aligncenter has-alpha-channel-opacity\"\/>\n\n\n\n<p>La<strong> Legislatura de la provincia de Buenos Aires<\/strong> sancion\u00f3 en la madrugada de este jueves la<strong> ley de Promoci\u00f3n y Desarrollo de la Industria Audiovisual, <\/strong>una especie de <strong>\u201cINCAA bonaerense<\/strong>\u201d que reconoce a la actividad como productiva y estrat\u00e9gica y crea un Fondo de Fomento que se actualizar\u00e1 a\u00f1o tras a\u00f1o.<\/p>\n\n\n\n<p><\/p>\n\n\n\n<blockquote class=\"wp-block-quote is-layout-flow wp-block-quote-is-layout-flow\">\n<p>La iniciativa, impulsada por el gobernador Axel Kicillof junto a las asociaciones de directores, productores, universidades, actores y actrices, tiene como objetivo promover el desarrollo de la industria audiovisual, fomentar la producci\u00f3n de contenidos de calidad, y garantizar el acceso de la poblaci\u00f3n a una oferta plural y diversa.<\/p>\n<\/blockquote>\n\n\n\n<p><\/p>\n\n\n\n<p>La norma define a la actividad audiovisual como una industria con capacidad de generar empleo y dinamizar la econom\u00eda, al tiempo que garantiza el acceso a bienes culturales.<\/p>\n\n\n\n<p><\/p>\n\n\n\n<p>Asimismo, establece un marco integral para el desarrollo del sector: en primer lugar, <strong>declara formalmente a la actividad audiovisual como industria productiva, <\/strong>garantizando tanto el <strong>acceso a la cultura como un motor de crecimiento econ\u00f3mico.<\/strong> Adem\u00e1s, incorpora una definici\u00f3n moderna y amplia de la industria, que abarca <strong>ficci\u00f3n, documental, animaci\u00f3n, videojuegos y tecnolog\u00edas inmersivas como la realidad virtual.<\/strong><\/p>\n\n\n\n<p><\/p>\n\n\n\n<p><strong>Los alcances de la ley audiovisual<\/strong><\/p>\n\n\n\n<p>Entre sus principales herramientas, la norma prev\u00e9 mecanismos de <strong>incentivo a la inversi\u00f3n y la creaci\u00f3n de un Fondo de Fomento Audiovisual <\/strong>orientado a promover la <strong>contrataci\u00f3n de t\u00e9cnicos, artistas y equipos bonaerenses.\u00a0<\/strong><\/p>\n\n\n\n<p><\/p>\n\n\n\n<blockquote class=\"wp-block-quote is-layout-flow wp-block-quote-is-layout-flow\">\n<p>En ese sentido, cuando Kicillof impuls\u00f3 el proyecto propuso un fondo de $675 millones, que se actualizar\u00e1 a\u00f1o a a\u00f1o por la ley de Presupuesto, en funci\u00f3n de la variaci\u00f3n del valor de entradas promedio de cine establecido por el Instituto Nacional de Cine y Artes Audiovisuales (INCAA).<\/p>\n<\/blockquote>\n\n\n\n<p><\/p>\n\n\n\n<p>Adem\u00e1s,<strong> apoyar\u00e1 a festivales regionales de cine bonaerenses<\/strong> ya que apunta a <strong>crear nuevas audiencias y promocionar las pantallas de exhibici\u00f3n. <\/strong>Otra clave es la creaci\u00f3n de una red de salas de cine; es decir, buscar\u00e1 abrir nuevas v\u00edas de exhibici\u00f3n y distribuci\u00f3n de films para los autores.<\/p>\n\n\n\n<p><\/p>\n\n\n\n<p>Finalmente, la iniciativa incorpora<strong> pol\u00edticas para la preservaci\u00f3n, conservaci\u00f3n y difusi\u00f3n del patrimonio audiovisual provincial<\/strong>, con el objetivo de <strong>resguardar la memoria cultural y facilitar su acceso a la ciudadan\u00eda<\/strong>, y apuntalar\u00e1 la plataforma Audiovisual BaFilma, ya que propone la creaci\u00f3n de la herramienta con el objeto de promover las pel\u00edculas bonaerenses y digitalizar el cat\u00e1logo de locaciones.<\/p>\n\n\n\n<p><\/p>\n\n\n\n<p>El senador provincial Emmanuel Santalla celebr\u00f3 la sanci\u00f3n y destac\u00f3 que la ley <strong><em>\u201cno solo es un reconocimiento a nuestros cineastas, t\u00e9cnicos y artistas, sino tambi\u00e9n una herramienta concreta de desarrollo econ\u00f3mico\u201d<\/em><\/strong>. En ese sentido, afirm\u00f3 que al declarar la actividad audiovisual como productiva y estrat\u00e9gica \u201cse genera un marco de certeza para atraer inversiones, crear Fondos de Fomento y multiplicar el empleo de calidad en toda la Provincia\u201d.<\/p>\n\n\n\n<p><\/p>\n\n\n\n<p><em>Fuente: DIB<\/em><\/p>\n","protected":false},"excerpt":{"rendered":"<p>La provincia de Buenos Aires aprob\u00f3 una ley largamente reclamada por el sector audiovisual e impulsada por el Gobierno de<\/p>\n","protected":false},"author":6,"featured_media":188957,"comment_status":"closed","ping_status":"closed","sticky":false,"template":"","format":"standard","meta":{"_jetpack_memberships_contains_paid_content":false,"footnotes":""},"categories":[6,1],"tags":[],"class_list":["post-188955","post","type-post","status-publish","format-standard","has-post-thumbnail","hentry","category-nacionales","category-portada"],"jetpack_featured_media_url":"https:\/\/i0.wp.com\/cdnoticias.com\/wp-content\/uploads\/2025\/11\/novedades-el-mundo-del-cine.webp?fit=1000%2C500&ssl=1","jetpack_sharing_enabled":true,"_links":{"self":[{"href":"https:\/\/cdnoticias.com\/index.php\/wp-json\/wp\/v2\/posts\/188955","targetHints":{"allow":["GET"]}}],"collection":[{"href":"https:\/\/cdnoticias.com\/index.php\/wp-json\/wp\/v2\/posts"}],"about":[{"href":"https:\/\/cdnoticias.com\/index.php\/wp-json\/wp\/v2\/types\/post"}],"author":[{"embeddable":true,"href":"https:\/\/cdnoticias.com\/index.php\/wp-json\/wp\/v2\/users\/6"}],"replies":[{"embeddable":true,"href":"https:\/\/cdnoticias.com\/index.php\/wp-json\/wp\/v2\/comments?post=188955"}],"version-history":[{"count":0,"href":"https:\/\/cdnoticias.com\/index.php\/wp-json\/wp\/v2\/posts\/188955\/revisions"}],"wp:featuredmedia":[{"embeddable":true,"href":"https:\/\/cdnoticias.com\/index.php\/wp-json\/wp\/v2\/media\/188957"}],"wp:attachment":[{"href":"https:\/\/cdnoticias.com\/index.php\/wp-json\/wp\/v2\/media?parent=188955"}],"wp:term":[{"taxonomy":"category","embeddable":true,"href":"https:\/\/cdnoticias.com\/index.php\/wp-json\/wp\/v2\/categories?post=188955"},{"taxonomy":"post_tag","embeddable":true,"href":"https:\/\/cdnoticias.com\/index.php\/wp-json\/wp\/v2\/tags?post=188955"}],"curies":[{"name":"wp","href":"https:\/\/api.w.org\/{rel}","templated":true}]}}