{"id":188953,"date":"2025-11-27T17:34:49","date_gmt":"2025-11-27T20:34:49","guid":{"rendered":"https:\/\/cdnoticias.com\/?p=188953"},"modified":"2025-11-28T08:40:01","modified_gmt":"2025-11-28T11:40:01","slug":"agenda-cultural-para-el-fin-de-semana-en-olavarria-2","status":"publish","type":"post","link":"https:\/\/cdnoticias.com\/index.php\/2025\/11\/27\/agenda-cultural-para-el-fin-de-semana-en-olavarria-2\/","title":{"rendered":"Agenda Cultural para el fin de semana en Olavarr\u00eda\u00a0"},"content":{"rendered":"\n<p>Habr\u00e1 diferentes propuestas culturales, deportivas, art\u00edsticas, tur\u00edsticas, recreativas y de concientizaci\u00f3n. Conoc\u00e9 el cronograma completo. <\/p>\n\n\n\n<hr class=\"wp-block-separator aligncenter has-alpha-channel-opacity\"\/>\n\n\n\n<p><\/p>\n\n\n\n<p>Desde el Municipio de Olavarr\u00eda se dieron a conocer las <strong>diferentes propuestas culturales, deportivas, art\u00edsticas, tur\u00edsticas, recreativas y de concientizaci\u00f3n<\/strong>, que se desarrollar\u00e1n en los diferentes espacios de la ciudad y localidades, <strong>para disfrutar el fin de semana.<\/strong><\/p>\n\n\n\n<p><\/p>\n\n\n\n<p><strong>Jueves 27 de noviembre<\/strong><\/p>\n\n\n\n<ul class=\"wp-block-list\">\n<li>19:00 horas \u2013 Teatro Municipal\u00a0 \u2013 Cierre del Taller de Teatro de Adultos<\/li>\n<\/ul>\n\n\n\n<p>Se realizar\u00e1 la muestra de cierre anual del Taller de Teatro de Adultos, grupo avanzado, que se encuentra a cargo de la profesora Victoria Reyes Benz. Dicho taller forma parte de la propuesta impulsada desde la Subsecretar\u00eda de Cultura y Educaci\u00f3n, a trav\u00e9s de la Escuela Municipal de Teatro para todas las edades.<\/p>\n\n\n\n<p><\/p>\n\n\n\n<p><strong>Viernes 28 de noviembre<\/strong><\/p>\n\n\n\n<ul class=\"wp-block-list\">\n<li>09:30 a 11:30 horas \u2013 Centro Cultural Municipal \u201cSan Jos\u00e9\u201d \u2013 Taller de Arte, Jardiner\u00eda y Reflexi\u00f3n\u201d<\/li>\n<\/ul>\n\n\n\n<p>La propuesta que est\u00e1 orientada a personas mayores e interesadas tienen por finalidad que cada participante pueda conectar consigo mismo y sus pares.<\/p>\n\n\n\n<p>La actividad nace de un primer encuentro, en el que se construyeron lazos y redes que impulsaron la realizaci\u00f3n de una nueva edici\u00f3n, que propone en la oportunidad intercambio de gajitos de flores, como una forma de regalar y compartir vida junto a otros, momentos de creaci\u00f3n conjunta, plantando y creando historia y memoria.<\/p>\n\n\n\n<p><\/p>\n\n\n\n<p>Como en la primera jornada, se dar\u00e1 lugar a los y las asistentes, a completar el libro comunitario \u201cManos que siembran caminos\u201d, una propuesta que busca plasmar los conocimientos de las personas mayores, aquellos que desean compartir con la comunidad.<\/p>\n\n\n\n<p>Aquellas personas interesadas en participar deber\u00e1n llevar un recipiente reciclado para usar como maceta y un gajito de flor que le gustar\u00eda intercambiar.<\/p>\n\n\n\n<p><\/p>\n\n\n\n<ul class=\"wp-block-list\">\n<li>19:30 horas \u2013 Teatro Municipal \u2013 La Escuela RIE presenta \u201cUna Navidad so\u00f1ada\u201d<\/li>\n<\/ul>\n\n\n\n<p>La Escuela de Gimnasia RIE presenta: \u201cUna Navidad So\u00f1ada\u201d, una deslumbrante mezcla de gimnasia, m\u00fasica navide\u00f1a y vestuario brillante. con la participaci\u00f3n de todas las gimnastas, desde los 2 a\u00f1os en adelante.<\/p>\n\n\n\n<p>Entradas (numeradas en plateas y palcos): $ 11000 plateas- $ 9900 sillas de palcos- $ 8800 pullman. Venta en Tecnocentro (Rivadavia 3065) en efectivo. Venta en el Teatro Municipal (Rivadavia 2780) con tarjetas de cr\u00e9dito, d\u00e9bito y billeteras virtuales. Venta online www.articket.com.ar con cr\u00e9dito y d\u00e9bito.<\/p>\n\n\n\n<p><\/p>\n\n\n\n<p><strong>S\u00e1bado 29 de noviembre<\/strong><\/p>\n\n\n\n<ul class=\"wp-block-list\">\n<li>17:00 horas \u2013 Oficina de Turismo de Sierras Bayas \u2013 Jornada de senderismo \u201cAventura con historia: Atardecer entre cerros\u201d<\/li>\n<\/ul>\n\n\n\n<p>Aventura con historia \u201cAtardecer entre cerros&#8221; tendr\u00e1 un recorrido de 6 km, de dificultad baja. El punto de encuentro ser\u00e1 la Oficina de Turismo de Sierras Bayas ubicada en la Terminal de la localidad. Estas caminatas tienen por objeto visibilizar los sitios hist\u00f3ricos y\u00a0 de identidad a partir de nuevas tendencias de experiencias de aventura en contacto con la naturaleza. En esta oportunidad, se suman las visitas a dos emprendimientos como son: Punto Azul Museo y F\u00e1brica de Cervezas Sur del Sur.\u00a0<\/p>\n\n\n\n<p><\/p>\n\n\n\n<ul class=\"wp-block-list\">\n<li>21:00 horas \u2013 Teatro Municipal \u2013 ArteDanza presenta \u201cSoul Sights\u201d<\/li>\n<\/ul>\n\n\n\n<p>Artedanza presenta \u201cSoul Sights\u201d (Miradas del alma)\u201d, historias bailadas que con tu mirada te invitan a so\u00f1ar. Las almas bailan y brillan con amor en cada mirada de tu vida. Hay miradas con amor, miradas que hacen temblar, hasta a la persona m\u00e1s fuerte. Hay miradas que bailan, miradas que solo entiende quien sabe, que nacen desde el alma.<\/p>\n\n\n\n<p>Despu\u00e9s de un largo a\u00f1o e intenso, Artedanza invita a descubrir tu mirada en dos \u00fanicas noches bailadas con el alma\u00a0 en donde m\u00e1s de 150 alumnos que pondr\u00e1n en escena distintos ritmos: Jazz, Tap, Danza Cl\u00e1sica, Danza Contempor\u00e1nea, Tango, Lyrical, Fusi\u00f3n, Ritmos Urbanos, Street, Infantil, Pop y muchas m\u00e1s sorpresas. La producci\u00f3n general es de Artedanza y la Direcci\u00f3n Art\u00edstica a cargo de los Maestros Valeria Potes y Gustavo Bertuol.<\/p>\n\n\n\n<p>Entradas (numeradas en plateas): $ 16500 platea baja- $ 16500 platea alta \u2013 $ 19800 sillas de palcos- $ 16500 pullman. Venta en Tecnocentro (Rivadavia 3065) en efectivo. Venta en el Teatro Municipal (Rivadavia 2780) con tarjetas de cr\u00e9dito, d\u00e9bito y billeteras virtuales. Venta online www.articket.com.ar con cr\u00e9dito y d\u00e9bito.<\/p>\n\n\n\n<p><\/p>\n\n\n\n<p><strong>Domingo 30 de noviembre<\/strong><\/p>\n\n\n\n<ul class=\"wp-block-list\">\n<li>15:30 horas \u2013 Plaza Aguado \u2013 Juguemos en la plaza<\/li>\n<\/ul>\n\n\n\n<p>El Municipio de Olavarr\u00eda invita a toda la comunidad a participar de la \u00faltima edici\u00f3n del a\u00f1o de Juguemos en la Plaza, el Programa impulsado desde la Direcci\u00f3n de Deporte Social que tiene por objetivo no solo garantizar el derecho al juego para los m\u00e1s chicos, sino tambi\u00e9n poner en valor los espacios p\u00fablicos del Partido.<\/p>\n\n\n\n<p>Con punto de encuentro y diversi\u00f3n en la plaza Aguado, en V\u00e9lez Sarsfield y Almirante Brown profesores del staff de la Subsecretar\u00eda de Deportes del Municipio encabezar\u00e1n diversas propuestas l\u00fadicas y recreativas, pero tambi\u00e9n con foco en la educaci\u00f3n f\u00edsica y la vinculaci\u00f3n social. Quienes deseen participar solo deber\u00e1n acercarse con una botellita de agua y muchas ganas de divertirse.<\/p>\n\n\n\n<p><\/p>\n\n\n\n<ul class=\"wp-block-list\">\n<li>17:00 a 19:00 horas \u2013 Parque Mitre (frente al Centro Cultural San Jos\u00e9) \u2013 Jornada de adopci\u00f3n y tenencia responsable de animales de compa\u00f1\u00eda<\/li>\n<\/ul>\n\n\n\n<p>El Municipio de Olavarr\u00eda llevar\u00e1 adelante una nueva edici\u00f3n de la jornada de adopci\u00f3n y cuidado responsable de animales de compa\u00f1\u00eda, denominada \u201cAdoptame Olavarr\u00eda&#8221;. <\/p>\n\n\n\n<p>El evento, impulsado por el \u00e1rea veterinaria de la Direcci\u00f3n de Bromatolog\u00eda, junto a protectoras locales, y se encuadra en la Campa\u00f1a Municipal \u201cQuerer es Cuidar\u201d, que tiene por objetivo promover el cuidado responsable de animales de compa\u00f1\u00eda. Participar\u00e1n UPA, adem\u00e1s de integrantes de la comunidad educativa del Colegio San Antonio y la Escuela N\u00b0 4.<\/p>\n\n\n\n<p>La finalidad es visibilizar y dar a conocer a la sociedad algunos de los perros que se encuentran alojados en el predio de Bromatolog\u00eda, los cuales han sido abandonados y rescatados de la v\u00eda p\u00fablica, y as\u00ed generar conciencia sobre los beneficios de la adopci\u00f3n de perros adultos, adem\u00e1s de brindar consejos y herramientas necesarias para lograr el bienestar de perros y gatos de compa\u00f1\u00eda los vecinos de la ciudad, como as\u00ed tambi\u00e9n contribuir con la convivencia arm\u00f3nica de los animales y sus tutores en el espacio p\u00fablico.<\/p>\n\n\n\n<p><\/p>\n\n\n\n<ul class=\"wp-block-list\">\n<li>18:00 horas \u2013 Sierras Bayas (Paseo de Artesanos) \u2013 Baile en la Plaza<\/li>\n<\/ul>\n\n\n\n<p>Desde la Delegaci\u00f3n Municipal de Sierras Bayas se invita a la comunidad de todo el Partido a participar del inicio del ciclo \u201cBailes en la Plaza\u201d que tendr\u00e1 lugar el pr\u00f3ximo domingo 30 de noviembre. La propuesta comenzar\u00e1 a las 18 horas con la presentaci\u00f3n de la banda \u201cQueso y Dulce\u201d, en el Paseo de artesanos (Rivadavia entre Julio A.Roca y Colombo)<\/p>\n\n\n\n<p>El evento contar\u00e1 con servicio de cantina y es organizado conjuntamente por la Delegaci\u00f3n Municipal de Sierras Bayas y las distintas instituciones del pueblo.<\/p>\n\n\n\n<p><\/p>\n\n\n\n<ul class=\"wp-block-list\">\n<li>21:00 horas \u2013 Teatro Municipal \u2013 ArteDanza presenta \u201cSoul Sights\u201d<\/li>\n<\/ul>\n\n\n\n<p>Artedanza presenta \u201cSoul Sights\u201d (Miradas del alma)\u201d, historias bailadas que con tu mirada te invitan a so\u00f1ar. Las almas bailan y brillan con amor en cada mirada de tu vida. Hay miradas con amor, miradas que hacen temblar, hasta a la persona m\u00e1s fuerte. Hay miradas que bailan, miradas que solo entiende quien sabe, que nacen desde el alma.<\/p>\n\n\n\n<p>Despu\u00e9s de un largo a\u00f1o e intenso, Artedanza invita a descubrir tu mirada en dos \u00fanicas noches bailadas con el alma&nbsp; en donde m\u00e1s de 150 alumnos que pondr\u00e1n en escena distintos ritmos: Jazz, Tap, Danza Cl\u00e1sica, Danza Contempor\u00e1nea, Tango, Lyrical, Fusi\u00f3n, Ritmos Urbanos, Street, Infantil, Pop y muchas m\u00e1s sorpresas.<\/p>\n\n\n\n<p>La producci\u00f3n general es de Artedanza y la Direcci\u00f3n Art\u00edstica a cargo de los Maestros Valeria Potes y Gustavo Bertuol. Entradas (numeradas en plateas): $ 16500 platea baja- $ 16500 platea alta \u2013 $ 19800 sillas de palcos- $ 16500 pullman. Venta en Tecnocentro (Rivadavia 3065) en efectivo. Venta en el Teatro Municipal (Rivadavia 2780) con tarjetas de cr\u00e9dito, d\u00e9bito y billeteras virtuales. Venta online www.articket.com.ar con cr\u00e9dito y d\u00e9bito.<\/p>\n\n\n\n<p><\/p>\n","protected":false},"excerpt":{"rendered":"<p>Habr\u00e1 diferentes propuestas culturales, deportivas, art\u00edsticas, tur\u00edsticas, recreativas y de concientizaci\u00f3n. Conoc\u00e9 el cronograma completo. Desde el Municipio de Olavarr\u00eda<\/p>\n","protected":false},"author":6,"featured_media":100077,"comment_status":"closed","ping_status":"closed","sticky":false,"template":"","format":"standard","meta":{"_jetpack_memberships_contains_paid_content":false,"footnotes":""},"categories":[9,1],"tags":[],"class_list":["post-188953","post","type-post","status-publish","format-standard","has-post-thumbnail","hentry","category-cultura","category-portada"],"jetpack_featured_media_url":"https:\/\/i0.wp.com\/cdnoticias.com\/wp-content\/uploads\/2023\/10\/souls-10-scaled.jpg?fit=2560%2C1424&ssl=1","jetpack_sharing_enabled":true,"_links":{"self":[{"href":"https:\/\/cdnoticias.com\/index.php\/wp-json\/wp\/v2\/posts\/188953","targetHints":{"allow":["GET"]}}],"collection":[{"href":"https:\/\/cdnoticias.com\/index.php\/wp-json\/wp\/v2\/posts"}],"about":[{"href":"https:\/\/cdnoticias.com\/index.php\/wp-json\/wp\/v2\/types\/post"}],"author":[{"embeddable":true,"href":"https:\/\/cdnoticias.com\/index.php\/wp-json\/wp\/v2\/users\/6"}],"replies":[{"embeddable":true,"href":"https:\/\/cdnoticias.com\/index.php\/wp-json\/wp\/v2\/comments?post=188953"}],"version-history":[{"count":0,"href":"https:\/\/cdnoticias.com\/index.php\/wp-json\/wp\/v2\/posts\/188953\/revisions"}],"wp:featuredmedia":[{"embeddable":true,"href":"https:\/\/cdnoticias.com\/index.php\/wp-json\/wp\/v2\/media\/100077"}],"wp:attachment":[{"href":"https:\/\/cdnoticias.com\/index.php\/wp-json\/wp\/v2\/media?parent=188953"}],"wp:term":[{"taxonomy":"category","embeddable":true,"href":"https:\/\/cdnoticias.com\/index.php\/wp-json\/wp\/v2\/categories?post=188953"},{"taxonomy":"post_tag","embeddable":true,"href":"https:\/\/cdnoticias.com\/index.php\/wp-json\/wp\/v2\/tags?post=188953"}],"curies":[{"name":"wp","href":"https:\/\/api.w.org\/{rel}","templated":true}]}}