{"id":188951,"date":"2025-11-27T17:24:45","date_gmt":"2025-11-27T20:24:45","guid":{"rendered":"https:\/\/cdnoticias.com\/?p=188951"},"modified":"2025-11-27T17:24:47","modified_gmt":"2025-11-27T20:24:47","slug":"haydee-antonia-salomon-de-schumacher-q-e-p-d","status":"publish","type":"post","link":"https:\/\/cdnoticias.com\/index.php\/2025\/11\/27\/haydee-antonia-salomon-de-schumacher-q-e-p-d\/","title":{"rendered":"Haydee Antonia Salom\u00f3n de Schumacher (Q.E.P.D.)"},"content":{"rendered":"\n<p>Falleci\u00f3 en Olavarr\u00eda el 27 de noviembre de 2025 a los 92 a\u00f1os.<\/p>\n\n\n\n<p>Su esposo Germ\u00e1n Rub\u00e9n Schumacher; su hija Carina Schumacher; su hijo pol\u00edtico Claudio Paul; su nieto Ignacio Paul Schumacher y dem\u00e1s deudos participan su fallecimiento.<\/p>\n\n\n\n<p>Velatorio: Espa\u00f1a 2942, Departamento &#8220;D &#8220;. Jueves 27 de noviembre de 19:00 a 23:00 horas y Viernes 28 de 10:30 a 11:30 horas. Responso: Capilla Ardiente. Inhumaci\u00f3n: Cementerio Loma de Paz, viernes 28 a las 11:30 Horas. Servicio adherido a Coopelectric.&nbsp;<\/p>\n\n\n\n<p>Barrio en el que viv\u00eda: Mariano Moreno<\/p>\n\n\n\n<p>Lugar de nacimiento: Olavarr\u00eda<\/p>\n\n\n\n<p>Actividad que desarrollaba: Jubilada<\/p>\n","protected":false},"excerpt":{"rendered":"<p>Falleci\u00f3 en Olavarr\u00eda el 27 de noviembre de 2025 a los 92 a\u00f1os. Su esposo Germ\u00e1n Rub\u00e9n Schumacher; su hija<\/p>\n","protected":false},"author":6,"featured_media":51544,"comment_status":"closed","ping_status":"closed","sticky":false,"template":"","format":"standard","meta":{"_jetpack_memberships_contains_paid_content":false,"footnotes":""},"categories":[10],"tags":[],"class_list":["post-188951","post","type-post","status-publish","format-standard","has-post-thumbnail","hentry","category-necrologicas"],"jetpack_featured_media_url":"https:\/\/i0.wp.com\/cdnoticias.com\/wp-content\/uploads\/2022\/04\/necrologicas-390-x-240.jpg?fit=390%2C240&ssl=1","jetpack_sharing_enabled":true,"_links":{"self":[{"href":"https:\/\/cdnoticias.com\/index.php\/wp-json\/wp\/v2\/posts\/188951","targetHints":{"allow":["GET"]}}],"collection":[{"href":"https:\/\/cdnoticias.com\/index.php\/wp-json\/wp\/v2\/posts"}],"about":[{"href":"https:\/\/cdnoticias.com\/index.php\/wp-json\/wp\/v2\/types\/post"}],"author":[{"embeddable":true,"href":"https:\/\/cdnoticias.com\/index.php\/wp-json\/wp\/v2\/users\/6"}],"replies":[{"embeddable":true,"href":"https:\/\/cdnoticias.com\/index.php\/wp-json\/wp\/v2\/comments?post=188951"}],"version-history":[{"count":0,"href":"https:\/\/cdnoticias.com\/index.php\/wp-json\/wp\/v2\/posts\/188951\/revisions"}],"wp:featuredmedia":[{"embeddable":true,"href":"https:\/\/cdnoticias.com\/index.php\/wp-json\/wp\/v2\/media\/51544"}],"wp:attachment":[{"href":"https:\/\/cdnoticias.com\/index.php\/wp-json\/wp\/v2\/media?parent=188951"}],"wp:term":[{"taxonomy":"category","embeddable":true,"href":"https:\/\/cdnoticias.com\/index.php\/wp-json\/wp\/v2\/categories?post=188951"},{"taxonomy":"post_tag","embeddable":true,"href":"https:\/\/cdnoticias.com\/index.php\/wp-json\/wp\/v2\/tags?post=188951"}],"curies":[{"name":"wp","href":"https:\/\/api.w.org\/{rel}","templated":true}]}}