{"id":188945,"date":"2025-11-27T18:00:46","date_gmt":"2025-11-27T21:00:46","guid":{"rendered":"https:\/\/cdnoticias.com\/?p=188945"},"modified":"2025-11-27T18:00:47","modified_gmt":"2025-11-27T21:00:47","slug":"jornada-de-adopcion-de-animales-de-compania-en-parque-mitre","status":"publish","type":"post","link":"https:\/\/cdnoticias.com\/index.php\/2025\/11\/27\/jornada-de-adopcion-de-animales-de-compania-en-parque-mitre\/","title":{"rendered":"Jornada de adopci\u00f3n de animales de compa\u00f1\u00eda en Parque Mitre"},"content":{"rendered":"\n<p>Ser\u00e1 el domingo 30 de noviembre frente al Centro Cultural San Jos\u00e9.&nbsp;<\/p>\n\n\n\n<hr class=\"wp-block-separator aligncenter has-alpha-channel-opacity\"\/>\n\n\n\n<p>Este <strong>domingo 30 de noviembre,<\/strong> se llevar\u00e1 adelante una<strong> nueva edici\u00f3n de la jornada de adopci\u00f3n y cuidado responsable de animales de compa\u00f1\u00eda,<\/strong> denominada \u201cAdoptame Olavarr\u00eda\u201d. <\/p>\n\n\n\n<p><\/p>\n\n\n\n<blockquote class=\"wp-block-quote is-layout-flow wp-block-quote-is-layout-flow\">\n<p>La jornada tendr\u00e1 lugar de 17:00 a 19:00 horas en Parque Mitre, frente al Centro Cultural Municipal \u201cSan Jos\u00e9\u201d (Riobamba y Belgrano).<\/p>\n<\/blockquote>\n\n\n\n<p><\/p>\n\n\n\n<p>El evento, impulsado por el \u00e1rea veterinaria de la Direcci\u00f3n de Bromatolog\u00eda, junto a protectoras locales, y se encuadra en la Campa\u00f1a Municipal <strong>\u201cQuerer es Cuidar\u201d<\/strong>, que tiene por objetivo <strong>promover el cuidado responsable de animales de compa\u00f1\u00eda<\/strong>. Participar\u00e1n UPA, adem\u00e1s de integrantes de la comunidad educativa del Colegio San Antonio y la Escuela N\u00b0 4.<\/p>\n\n\n\n<p><\/p>\n\n\n\n<blockquote class=\"wp-block-quote is-layout-flow wp-block-quote-is-layout-flow\">\n<p>\u201cQueremos invitarlos el domingo, vamos a hacer una jornada de adopci\u00f3n responsable en el Parque Mitre, junto con las protectoras y con escuelas que est\u00e1n trabajando en la adopci\u00f3n responsable de animales de compa\u00f1\u00eda\u201d, se\u00f1al\u00f3 el veterinario Agust\u00edn Romero, quien se encuentra al frente del Centro Veterinario Municipal.<\/p>\n<\/blockquote>\n\n\n\n<p><\/p>\n\n\n\n<p>La finalidad es <strong>visibilizar y dar a conocer a la sociedad algunos de los perros que se encuentran alojados en el predio de Bromatolog\u00eda<\/strong>, los cuales han sido abandonados y rescatados de la v\u00eda p\u00fablica, y as\u00ed generar conciencia sobre los beneficios de la adopci\u00f3n de perros adultos, adem\u00e1s de<strong> brindar consejos y herramientas necesarias para lograr el bienestar de perros y gatos <\/strong>de compa\u00f1\u00eda los vecinos de la ciudad, como as\u00ed tambi\u00e9n contribuir con la convivencia arm\u00f3nica de los animales y sus tutores en el espacio p\u00fablico.<\/p>\n\n\n\n<p><\/p>\n\n\n\n<p>Por \u00faltimo, el veterinario Romero agreg\u00f3 que <strong><em>\u201cvamos a llevar a nuestros animales, vamos a llevar fotos y cat\u00e1logos para darle la oportunidad de que tengan un hogar, una casa, donde vivir, donde puedan ser acompa\u00f1ados por tutores responsables\u201d.<\/em><\/strong><\/p>\n\n\n\n<p><\/p>\n","protected":false},"excerpt":{"rendered":"<p>Ser\u00e1 el domingo 30 de noviembre frente al Centro Cultural San Jos\u00e9.&nbsp; Este domingo 30 de noviembre, se llevar\u00e1 adelante<\/p>\n","protected":false},"author":6,"featured_media":114823,"comment_status":"closed","ping_status":"closed","sticky":false,"template":"","format":"standard","meta":{"_jetpack_memberships_contains_paid_content":false,"footnotes":""},"categories":[5,1],"tags":[],"class_list":["post-188945","post","type-post","status-publish","format-standard","has-post-thumbnail","hentry","category-informacion-general","category-portada"],"jetpack_featured_media_url":"https:\/\/i0.wp.com\/cdnoticias.com\/wp-content\/uploads\/2024\/04\/BROMATOLOGIA-jornada-adopciones-28-de-abril-4.jpeg?fit=800%2C445&ssl=1","jetpack_sharing_enabled":true,"_links":{"self":[{"href":"https:\/\/cdnoticias.com\/index.php\/wp-json\/wp\/v2\/posts\/188945","targetHints":{"allow":["GET"]}}],"collection":[{"href":"https:\/\/cdnoticias.com\/index.php\/wp-json\/wp\/v2\/posts"}],"about":[{"href":"https:\/\/cdnoticias.com\/index.php\/wp-json\/wp\/v2\/types\/post"}],"author":[{"embeddable":true,"href":"https:\/\/cdnoticias.com\/index.php\/wp-json\/wp\/v2\/users\/6"}],"replies":[{"embeddable":true,"href":"https:\/\/cdnoticias.com\/index.php\/wp-json\/wp\/v2\/comments?post=188945"}],"version-history":[{"count":0,"href":"https:\/\/cdnoticias.com\/index.php\/wp-json\/wp\/v2\/posts\/188945\/revisions"}],"wp:featuredmedia":[{"embeddable":true,"href":"https:\/\/cdnoticias.com\/index.php\/wp-json\/wp\/v2\/media\/114823"}],"wp:attachment":[{"href":"https:\/\/cdnoticias.com\/index.php\/wp-json\/wp\/v2\/media?parent=188945"}],"wp:term":[{"taxonomy":"category","embeddable":true,"href":"https:\/\/cdnoticias.com\/index.php\/wp-json\/wp\/v2\/categories?post=188945"},{"taxonomy":"post_tag","embeddable":true,"href":"https:\/\/cdnoticias.com\/index.php\/wp-json\/wp\/v2\/tags?post=188945"}],"curies":[{"name":"wp","href":"https:\/\/api.w.org\/{rel}","templated":true}]}}