{"id":188916,"date":"2025-11-27T11:39:21","date_gmt":"2025-11-27T14:39:21","guid":{"rendered":"https:\/\/cdnoticias.com\/?p=188916"},"modified":"2025-11-27T14:08:12","modified_gmt":"2025-11-27T17:08:12","slug":"nueva-edicion-de-mercados-bonaerenses-se-realizara-este-viernes-en-parque-eseverri","status":"publish","type":"post","link":"https:\/\/cdnoticias.com\/index.php\/2025\/11\/27\/nueva-edicion-de-mercados-bonaerenses-se-realizara-este-viernes-en-parque-eseverri\/","title":{"rendered":"Nueva edici\u00f3n de \u201cMercados Bonaerenses\u201d se realizar\u00e1 en Parque Eseverri"},"content":{"rendered":"\n<p>La feria funcionar\u00e1 el 5 de diciembre de 9 a 15 en Trabajadores y Alsina, con productos locales y descuentos del 40% en l\u00e1cteos y pastas con Cuenta DNI.<\/p>\n\n\n\n<hr class=\"wp-block-separator has-alpha-channel-opacity\"\/>\n\n\n\n<p>El Municipio de Olavarr\u00eda inform\u00f3 que<strong> el viernes 5 de diciembre se llevar\u00e1 a cabo una nueva edici\u00f3n del programa \u201cMercados Bonaerenses\u201d en el Parque Helios Eseverri,<\/strong> en Av. Trabajadores y Alsina. La feria se desarrollar\u00e1<strong> de 9 a 15 horas <\/strong>y contar\u00e1 con la participaci\u00f3n de productores locales que ofrecer\u00e1n diversas elaboraciones.<\/p>\n\n\n\n<p><\/p>\n\n\n\n<p>Desde la Secretar\u00eda de Desarrollo Econ\u00f3mico y Productivo, a trav\u00e9s de la Coordinaci\u00f3n de Econom\u00eda Popular, se indic\u00f3 que quienes se acerquen podr\u00e1n encontrar <strong>panificados dulces y salados, bebidas, plantas y plantines, miel, productos sin TAC, frutas y verduras, alfajores y dulces artesanales.<\/strong><\/p>\n\n\n\n<p><\/p>\n\n\n\n<p>Adem\u00e1s, participar\u00e1 un <strong>cami\u00f3n del Ministerio de Desarrollo Agrario bonaerense, que ofrecer\u00e1 productos l\u00e1cteos y pastas, <\/strong>ambos rubros con un <strong>descuento del 40% para compras abonadas con Cuenta DNI, con un tope de reintegro de $6000.<\/strong><\/p>\n\n\n\n<p><\/p>\n\n\n\n<p>El programa \u201cMercados Bonaerenses\u201d, impulsado por el Ministerio de Desarrollo Agrario de la Provincia, busca <strong>promover la producci\u00f3n y el consumo de \u201cAlimentos Bonaerenses\u201d,<\/strong> acercando a productores y consumidores mediante una red de ferias y mercados en todo el territorio provincial. Tambi\u00e9n apunta a fortalecer experiencias de producci\u00f3n, comercializaci\u00f3n y abastecimiento local de agroalimentos, y a asistir a productores, comercializadores y municipios para consolidar o ampliar espacios de venta fijos o itinerantes.<\/p>\n\n\n\n<p><\/p>\n\n\n\n<p>Finalmente, <strong>se solicita a la comunidad asistir con bolsas y maples de huevo.<\/strong><\/p>\n","protected":false},"excerpt":{"rendered":"<p>La feria funcionar\u00e1 el 5 de diciembre de 9 a 15 en Trabajadores y Alsina, con productos locales y descuentos<\/p>\n","protected":false},"author":5,"featured_media":134870,"comment_status":"closed","ping_status":"closed","sticky":false,"template":"","format":"standard","meta":{"_jetpack_memberships_contains_paid_content":false,"footnotes":""},"categories":[5,1],"tags":[],"class_list":["post-188916","post","type-post","status-publish","format-standard","has-post-thumbnail","hentry","category-informacion-general","category-portada"],"jetpack_featured_media_url":"https:\/\/i0.wp.com\/cdnoticias.com\/wp-content\/uploads\/2025\/01\/mercados-bonaerenses-enero-2025-5.jpg?fit=1072%2C596&ssl=1","jetpack_sharing_enabled":true,"_links":{"self":[{"href":"https:\/\/cdnoticias.com\/index.php\/wp-json\/wp\/v2\/posts\/188916","targetHints":{"allow":["GET"]}}],"collection":[{"href":"https:\/\/cdnoticias.com\/index.php\/wp-json\/wp\/v2\/posts"}],"about":[{"href":"https:\/\/cdnoticias.com\/index.php\/wp-json\/wp\/v2\/types\/post"}],"author":[{"embeddable":true,"href":"https:\/\/cdnoticias.com\/index.php\/wp-json\/wp\/v2\/users\/5"}],"replies":[{"embeddable":true,"href":"https:\/\/cdnoticias.com\/index.php\/wp-json\/wp\/v2\/comments?post=188916"}],"version-history":[{"count":0,"href":"https:\/\/cdnoticias.com\/index.php\/wp-json\/wp\/v2\/posts\/188916\/revisions"}],"wp:featuredmedia":[{"embeddable":true,"href":"https:\/\/cdnoticias.com\/index.php\/wp-json\/wp\/v2\/media\/134870"}],"wp:attachment":[{"href":"https:\/\/cdnoticias.com\/index.php\/wp-json\/wp\/v2\/media?parent=188916"}],"wp:term":[{"taxonomy":"category","embeddable":true,"href":"https:\/\/cdnoticias.com\/index.php\/wp-json\/wp\/v2\/categories?post=188916"},{"taxonomy":"post_tag","embeddable":true,"href":"https:\/\/cdnoticias.com\/index.php\/wp-json\/wp\/v2\/tags?post=188916"}],"curies":[{"name":"wp","href":"https:\/\/api.w.org\/{rel}","templated":true}]}}