{"id":188912,"date":"2025-11-27T10:43:45","date_gmt":"2025-11-27T13:43:45","guid":{"rendered":"https:\/\/cdnoticias.com\/?p=188912"},"modified":"2025-11-27T10:43:47","modified_gmt":"2025-11-27T13:43:47","slug":"acompanar-el-final-de-la-vida-charla-en-la-facultad-de-ciencias-de-la-salud","status":"publish","type":"post","link":"https:\/\/cdnoticias.com\/index.php\/2025\/11\/27\/acompanar-el-final-de-la-vida-charla-en-la-facultad-de-ciencias-de-la-salud\/","title":{"rendered":"\u201cAcompa\u00f1ar el final de la vida\u201d: charla en la Facultad de Ciencias de la Salud"},"content":{"rendered":"<p>El encuentro estar\u00e1 a cargo de Gloria Miguens, reconocida enfermera profesional especializada en el tema. La actividad es abierta y gratuita, y no requiere inscripci\u00f3n.<!--more--><\/p>\n<hr \/>\n<p>La <strong>Facultad de Ciencias de la Salud<\/strong> anunci\u00f3 la<strong> charla \u201cAcompa\u00f1ar el final de la vida\u201d<\/strong>, un espacio de reflexi\u00f3n y aprendizaje que se llevar\u00e1 a cabo el <strong>mi\u00e9rcoles 3 de diciembre a las 10<\/strong> en el SUM de la Facultad.<\/p>\n<p>El encuentro estar\u00e1 a cargo de<strong> Gloria Miguens, reconocida enfermera profesional especializada en final de vida<\/strong>, quien compartir\u00e1 herramientas y perspectivas para abordar estos momentos tan significativos desde una mirada humana, respetuosa y profesional.<\/p>\n<p>Durante la charla se trabajar\u00e1n <strong>temas<\/strong> como:<\/p>\n<ul>\n<li>C\u00f3mo acompa\u00f1ar un final de vida desde un enfoque centrado en la persona.<\/li>\n<li>Botiqu\u00edn de herramientas b\u00e1sicas en duelo, destinado a quienes transitan p\u00e9rdidas.<\/li>\n<li>El valor de los rituales y s\u00edmbolos en el final de la vida y su potencia para elaborar el dolor.<\/li>\n<li>Claves para transitar la p\u00e9rdida de un paciente, ser querido o familiar desde un lugar consciente y cuidado.<\/li>\n<\/ul>\n<p>Esta actividad es una <strong>propuesta de los estudiantes de tercer a\u00f1o de la carrera de Medicina<\/strong>, en el marco de su trabajo final de la asignatura Salud P\u00fablica, y busca abrir un espacio de di\u00e1logo para quienes deseen comprender y acompa\u00f1ar mejor estos procesos vitales.<\/p>\n<p>La actividad es<strong> abierta y gratuita<\/strong>, y no requiere inscripci\u00f3n previa.<\/p>\n","protected":false},"excerpt":{"rendered":"<p>El encuentro estar\u00e1 a cargo de Gloria Miguens, reconocida enfermera profesional especializada en el tema. La actividad es abierta y<\/p>\n","protected":false},"author":4,"featured_media":1085,"comment_status":"closed","ping_status":"closed","sticky":false,"template":"","format":"standard","meta":{"_jetpack_memberships_contains_paid_content":false,"footnotes":""},"categories":[5,1],"tags":[],"class_list":["post-188912","post","type-post","status-publish","format-standard","has-post-thumbnail","hentry","category-informacion-general","category-portada"],"jetpack_featured_media_url":"https:\/\/i0.wp.com\/cdnoticias.com\/wp-content\/uploads\/2020\/09\/WhatsApp-Image-2020-09-08-at-19.08.01.jpeg?fit=868%2C653&ssl=1","jetpack_sharing_enabled":true,"_links":{"self":[{"href":"https:\/\/cdnoticias.com\/index.php\/wp-json\/wp\/v2\/posts\/188912","targetHints":{"allow":["GET"]}}],"collection":[{"href":"https:\/\/cdnoticias.com\/index.php\/wp-json\/wp\/v2\/posts"}],"about":[{"href":"https:\/\/cdnoticias.com\/index.php\/wp-json\/wp\/v2\/types\/post"}],"author":[{"embeddable":true,"href":"https:\/\/cdnoticias.com\/index.php\/wp-json\/wp\/v2\/users\/4"}],"replies":[{"embeddable":true,"href":"https:\/\/cdnoticias.com\/index.php\/wp-json\/wp\/v2\/comments?post=188912"}],"version-history":[{"count":0,"href":"https:\/\/cdnoticias.com\/index.php\/wp-json\/wp\/v2\/posts\/188912\/revisions"}],"wp:featuredmedia":[{"embeddable":true,"href":"https:\/\/cdnoticias.com\/index.php\/wp-json\/wp\/v2\/media\/1085"}],"wp:attachment":[{"href":"https:\/\/cdnoticias.com\/index.php\/wp-json\/wp\/v2\/media?parent=188912"}],"wp:term":[{"taxonomy":"category","embeddable":true,"href":"https:\/\/cdnoticias.com\/index.php\/wp-json\/wp\/v2\/categories?post=188912"},{"taxonomy":"post_tag","embeddable":true,"href":"https:\/\/cdnoticias.com\/index.php\/wp-json\/wp\/v2\/tags?post=188912"}],"curies":[{"name":"wp","href":"https:\/\/api.w.org\/{rel}","templated":true}]}}