{"id":1889,"date":"2020-09-19T09:21:43","date_gmt":"2020-09-19T12:21:43","guid":{"rendered":"http:\/\/www.centraldenoticias.com.ar\/?p=1889"},"modified":"2020-09-19T11:36:35","modified_gmt":"2020-09-19T14:36:35","slug":"importante-secuestro-de-cocaina-en-olavarria","status":"publish","type":"post","link":"https:\/\/cdnoticias.com\/index.php\/2020\/09\/19\/importante-secuestro-de-cocaina-en-olavarria\/","title":{"rendered":"Importante secuestro de coca\u00edna en Olavarr\u00eda"},"content":{"rendered":"<p>Se trata del hallazgo de 670 gramos de la sustancia, valuada en aproximadamente 800.000 pesos. Los procedimientos se realizaron durante la noche del viernes por varias fuerzas policiales de la ciudad. Adem\u00e1s, se secuestr\u00f3 un veh\u00edculo y m\u00e1s de 50 mil pesos. Una persona fue aprehendida.<!--more--><\/p>\n<hr \/>\n<p>En informaci\u00f3n adelantada a Central de Noticias, <strong>efectivos policiales de varias fuerzas de nuestra ciudad encontraron, en allanamientos, 670 gramos de coca\u00edna valuada en aproximadamente 800.000 pesos.<\/strong> Hallaron otros elementos de valor y una persona fue aprehendida.<\/p>\n<p>&nbsp;<\/p>\n<blockquote><p>En los procedimientos, en tanto, un veh\u00edculo fue secuestrado y junto con la droga, se incaut\u00f3 una cifra cercana a los 50 mil pesos.<\/p><\/blockquote>\n<p>&nbsp;<\/p>\n<p>Una persona fue aprehendida por el hallazgo.<\/p>\n<p>&nbsp;<\/p>\n<p><img data-recalc-dims=\"1\" loading=\"lazy\" decoding=\"async\" class=\"alignnone size-large wp-image-1891\" src=\"https:\/\/i0.wp.com\/cdnoticias.com\/wp-content\/uploads\/2020\/09\/secuestrococaina2.jpg?resize=768%2C1024&#038;ssl=1\" alt=\"\" width=\"768\" height=\"1024\" srcset=\"https:\/\/i0.wp.com\/cdnoticias.com\/wp-content\/uploads\/2020\/09\/secuestrococaina2.jpg?w=768&amp;ssl=1 768w, https:\/\/i0.wp.com\/cdnoticias.com\/wp-content\/uploads\/2020\/09\/secuestrococaina2.jpg?resize=225%2C300&amp;ssl=1 225w\" sizes=\"auto, (max-width: 768px) 100vw, 768px\" \/><\/p>\n<p>&nbsp;<\/p>\n<p>En los allanamientos participaron, entre otras fuerzas, <strong>el fiscal Lucas Moyano de la UFI N\u00b0 19 y\u00a0la divisi\u00f3n de Drogas Il\u00edcitas de la Polic\u00eda Bonaerense.\u00a0\u00a0<\/strong><\/p>\n","protected":false},"excerpt":{"rendered":"<p>Se trata del hallazgo de 670 gramos de la sustancia, valuada en aproximadamente 800.000 pesos. Los procedimientos se realizaron durante<\/p>\n","protected":false},"author":2,"featured_media":1890,"comment_status":"closed","ping_status":"closed","sticky":false,"template":"","format":"standard","meta":{"_jetpack_memberships_contains_paid_content":false,"footnotes":""},"categories":[5,1],"tags":[],"class_list":["post-1889","post","type-post","status-publish","format-standard","has-post-thumbnail","hentry","category-informacion-general","category-portada"],"jetpack_featured_media_url":"https:\/\/i0.wp.com\/cdnoticias.com\/wp-content\/uploads\/2020\/09\/secuestrococaina1.jpg?fit=1024%2C663&ssl=1","jetpack_sharing_enabled":true,"_links":{"self":[{"href":"https:\/\/cdnoticias.com\/index.php\/wp-json\/wp\/v2\/posts\/1889","targetHints":{"allow":["GET"]}}],"collection":[{"href":"https:\/\/cdnoticias.com\/index.php\/wp-json\/wp\/v2\/posts"}],"about":[{"href":"https:\/\/cdnoticias.com\/index.php\/wp-json\/wp\/v2\/types\/post"}],"author":[{"embeddable":true,"href":"https:\/\/cdnoticias.com\/index.php\/wp-json\/wp\/v2\/users\/2"}],"replies":[{"embeddable":true,"href":"https:\/\/cdnoticias.com\/index.php\/wp-json\/wp\/v2\/comments?post=1889"}],"version-history":[{"count":0,"href":"https:\/\/cdnoticias.com\/index.php\/wp-json\/wp\/v2\/posts\/1889\/revisions"}],"wp:featuredmedia":[{"embeddable":true,"href":"https:\/\/cdnoticias.com\/index.php\/wp-json\/wp\/v2\/media\/1890"}],"wp:attachment":[{"href":"https:\/\/cdnoticias.com\/index.php\/wp-json\/wp\/v2\/media?parent=1889"}],"wp:term":[{"taxonomy":"category","embeddable":true,"href":"https:\/\/cdnoticias.com\/index.php\/wp-json\/wp\/v2\/categories?post=1889"},{"taxonomy":"post_tag","embeddable":true,"href":"https:\/\/cdnoticias.com\/index.php\/wp-json\/wp\/v2\/tags?post=1889"}],"curies":[{"name":"wp","href":"https:\/\/api.w.org\/{rel}","templated":true}]}}