{"id":188883,"date":"2025-11-26T19:59:26","date_gmt":"2025-11-26T22:59:26","guid":{"rendered":"https:\/\/cdnoticias.com\/?p=188883"},"modified":"2025-11-26T19:59:27","modified_gmt":"2025-11-26T22:59:27","slug":"servicio-territorial-municipal-n-2-se-expone-la-muestra-3j-10-anos-de-ni-una-menos","status":"publish","type":"post","link":"https:\/\/cdnoticias.com\/index.php\/2025\/11\/26\/servicio-territorial-municipal-n-2-se-expone-la-muestra-3j-10-anos-de-ni-una-menos\/","title":{"rendered":"Servicio Territorial Municipal N\u00b0 2: se expone la muestra \u201c3J \u2013 10 a\u00f1os de Ni Una Menos\u201d"},"content":{"rendered":"\n<p>La exhibici\u00f3n se extender\u00e1 hasta el 5 de diciembre inclusive. La actividad se enmarca en el \u201cD\u00eda Internacional de la eliminaci\u00f3n de la violencia contra las mujeres\u201d, que se conmemora cada 25 de noviembre.<\/p>\n\n\n\n<hr class=\"wp-block-separator aligncenter has-alpha-channel-opacity\"\/>\n\n\n\n<p>Desde la Direcci\u00f3n de Mujeres, G\u00e9neros y Diversidad del Municipio de Olavarr\u00eda se informa que l<strong>a Muestra Documental Itinerante \u201c3J- 10 a\u00f1os de Ni Una Menos\u201d se exhibe en el Servicio Territorial Municipal N\u00b0 2,<\/strong> ubicado sobre <strong>avenida Alberdi y Coronel Su\u00e1rez.\u00a0<\/strong><\/p>\n\n\n\n<p><\/p>\n\n\n\n<blockquote class=\"wp-block-quote is-layout-flow wp-block-quote-is-layout-flow\">\n<p>La actividad se enmarca en el \u201cD\u00eda Internacional de la eliminaci\u00f3n de la violencia contra las mujeres\u201d, que se conmemora cada 25 de noviembre.<\/p>\n<\/blockquote>\n\n\n\n<p><\/p>\n\n\n\n<p>La muestra documental, que fue presentada el pasado 3 de junio en el Sal\u00f3n Rivadavia, <strong>recopila im\u00e1genes tomadas por profesionales de la fotograf\u00eda y personas aficionadas que participaron de la convocatoria realizada desde la Direcci\u00f3n de Mujeres, G\u00e9neros y Diversidad, <\/strong>junto a la Subsecretar\u00eda de Cultura y la Subsecretar\u00eda de Comunicaci\u00f3n del Municipio de Olavarr\u00eda.<\/p>\n\n\n\n<p><\/p>\n\n\n\n<blockquote class=\"wp-block-quote is-layout-flow wp-block-quote-is-layout-flow\">\n<p>La exhibici\u00f3n se extender\u00e1 hasta el 5 de diciembre inclusive, quienes se acerquen a ese espacio municipal podr\u00e1n apreciar las fotograf\u00edas de Ail\u00e9n Su\u00e1rez, Jorge Arabito, Ximena (Pime) Peralta, Tefa Schegtel Torres, Loana Desanto, Carolina Acquarone y Dante Lartirigoyen.<\/p>\n<\/blockquote>\n\n\n\n<p><\/p>\n\n\n\n<p>La muestra tiene como objetivo realizar un<em> <\/em><strong>ejercicio de activaci\u00f3n de memoria, <\/strong>mediante una <strong>muestra de fotos que recorra las diez marchas \u201cNi Una Menos<\/strong>\u201d que se hicieron en Olavarr\u00eda, que sea itinerante para que llegue a toda la comunidad y recordar que como sociedad podemos transformar la realidad de manera colectiva.<\/p>\n\n\n\n<p><\/p>\n","protected":false},"excerpt":{"rendered":"<p>La exhibici\u00f3n se extender\u00e1 hasta el 5 de diciembre inclusive. La actividad se enmarca en el \u201cD\u00eda Internacional de la<\/p>\n","protected":false},"author":6,"featured_media":188885,"comment_status":"closed","ping_status":"closed","sticky":false,"template":"","format":"standard","meta":{"_jetpack_memberships_contains_paid_content":false,"footnotes":""},"categories":[3,1],"tags":[],"class_list":["post-188883","post","type-post","status-publish","format-standard","has-post-thumbnail","hentry","category-genero","category-portada"],"jetpack_featured_media_url":"https:\/\/i0.wp.com\/cdnoticias.com\/wp-content\/uploads\/2025\/11\/muestra-niunamenos.jpg?fit=900%2C563&ssl=1","jetpack_sharing_enabled":true,"_links":{"self":[{"href":"https:\/\/cdnoticias.com\/index.php\/wp-json\/wp\/v2\/posts\/188883","targetHints":{"allow":["GET"]}}],"collection":[{"href":"https:\/\/cdnoticias.com\/index.php\/wp-json\/wp\/v2\/posts"}],"about":[{"href":"https:\/\/cdnoticias.com\/index.php\/wp-json\/wp\/v2\/types\/post"}],"author":[{"embeddable":true,"href":"https:\/\/cdnoticias.com\/index.php\/wp-json\/wp\/v2\/users\/6"}],"replies":[{"embeddable":true,"href":"https:\/\/cdnoticias.com\/index.php\/wp-json\/wp\/v2\/comments?post=188883"}],"version-history":[{"count":0,"href":"https:\/\/cdnoticias.com\/index.php\/wp-json\/wp\/v2\/posts\/188883\/revisions"}],"wp:featuredmedia":[{"embeddable":true,"href":"https:\/\/cdnoticias.com\/index.php\/wp-json\/wp\/v2\/media\/188885"}],"wp:attachment":[{"href":"https:\/\/cdnoticias.com\/index.php\/wp-json\/wp\/v2\/media?parent=188883"}],"wp:term":[{"taxonomy":"category","embeddable":true,"href":"https:\/\/cdnoticias.com\/index.php\/wp-json\/wp\/v2\/categories?post=188883"},{"taxonomy":"post_tag","embeddable":true,"href":"https:\/\/cdnoticias.com\/index.php\/wp-json\/wp\/v2\/tags?post=188883"}],"curies":[{"name":"wp","href":"https:\/\/api.w.org\/{rel}","templated":true}]}}