{"id":188873,"date":"2025-11-26T17:00:25","date_gmt":"2025-11-26T20:00:25","guid":{"rendered":"https:\/\/cdnoticias.com\/?p=188873"},"modified":"2025-11-26T17:00:27","modified_gmt":"2025-11-26T20:00:27","slug":"aventura-con-historia-atardecer-entre-cerros-en-sierras-bayas","status":"publish","type":"post","link":"https:\/\/cdnoticias.com\/index.php\/2025\/11\/26\/aventura-con-historia-atardecer-entre-cerros-en-sierras-bayas\/","title":{"rendered":"\u201cAventura con historia: Atardecer entre cerros\u201d en Sierras Bayas"},"content":{"rendered":"\n<p>Se llevar\u00e1&nbsp; a cabo este s\u00e1bado 29 de noviembre desde las 17 horas. Inscripci\u00f3n abierta.&nbsp;<\/p>\n\n\n\n<hr class=\"wp-block-separator aligncenter has-alpha-channel-opacity\"\/>\n\n\n\n<p>Se invita a participar de la<strong> edici\u00f3n reprogramada de \u201cAventura con historia\u201d.<\/strong> Esta iniciativa de jornadas de senderismo son impulsadas desde la Coordinaci\u00f3n de Turismo y se realizan con prestadores locales como\u00a0 el Grupo de Aventura X \u2013 Time.<\/p>\n\n\n\n<p><\/p>\n\n\n\n<p><strong>Aventura con historia \u201cAtardecer entre cerros\u201d,<\/strong> se llevar\u00e1 a cabo este <strong>s\u00e1bado 29 de noviembre, con un recorrido de 6 km, de dificultad baja<\/strong>, que se iniciar\u00e1 desde las 17 horas. El punto de encuentro ser\u00e1 la Oficina de Turismo de Sierras Bayas ubicada en la Terminal de la localidad.<\/p>\n\n\n\n<p><\/p>\n\n\n\n<blockquote class=\"wp-block-quote is-layout-flow wp-block-quote-is-layout-flow\">\n<p>Estas caminatas tienen por objeto visibilizar los sitios hist\u00f3ricos y\u00a0 de identidad a partir de nuevas tendencias de experiencias de aventura en contacto con la naturaleza.\u00a0En esta oportunidad, se suman las visitas a dos emprendimientos como son: Punto Azul Museo y F\u00e1brica de Cervezas Sur del Sur.\u00a0<\/p>\n<\/blockquote>\n\n\n\n<p><\/p>\n\n\n\n<p>La propuesta est\u00e1 dise\u00f1ada para que los participantes puedan realizar un uso tur\u00edstico de las \u00e1reas rurales y periurbanas,\u00a0 promoviendo emprendimientos a los efectos de lograr un desarrollo tur\u00edstico sustentable del territorio que se adapte a las singularidades de cada regi\u00f3n, priorizando la inclusi\u00f3n, la colaboraci\u00f3n entre los actores locales y entendiendo que all\u00ed confluye la diversidad del territorio y de sus identidades. Aquellas<strong> personas interesadas en participar podr\u00e1n inscribirse <\/strong>a trav\u00e9s del <a href=\"https:\/\/docs.google.com\/forms\/d\/e\/1FAIpQLSdW7-kAT7YpS-Xb9wIAS58-eMt1nYtpSHmfCrl9TxQWEX99ag\/viewform?pli=1\" target=\"_blank\" rel=\"noreferrer noopener\">siguiente link.<\/a><\/p>\n\n\n\n<p><\/p>\n\n\n\n<p><strong>Recomendaciones<\/strong><\/p>\n\n\n\n<ul class=\"wp-block-list\">\n<li>Pantal\u00f3n largo.<\/li>\n<\/ul>\n\n\n\n<ul class=\"wp-block-list\">\n<li>Calzado deportivo cerrado.<\/li>\n<\/ul>\n\n\n\n<ul class=\"wp-block-list\">\n<li>1 litro de agua.<\/li>\n<\/ul>\n\n\n\n<ul class=\"wp-block-list\">\n<li>Repelente.<\/li>\n<\/ul>\n\n\n\n<ul class=\"wp-block-list\">\n<li>Opcional: equipo de mate para pausas contemplativas.<\/li>\n<\/ul>\n\n\n\n<p><\/p>\n\n\n\n<p><strong>Informaci\u00f3n \u00fatil<\/strong><\/p>\n\n\n\n<p>Aquellas personas que deseen sumarse al grupo de WhatsApp para enterarse de todas las novedades deber\u00e1n ingresar en el <a href=\"https:\/\/chat.whatsapp.com\/DNStpJoFKiHI0OF7Smi7kC\" target=\"_blank\" rel=\"noreferrer noopener\">siguiente link.<\/a><\/p>\n\n\n\n<p><\/p>\n\n\n\n<p>La Oficina de Turismo se encuentra ubicada en el Centro Cultural \u201cSan Jos\u00e9\u201d (Riobamba 2949), y funciona los d\u00edas h\u00e1biles, de lunes a viernes de 7 a 13 horas, s\u00e1bados domingos y feriados de 15 a 18 horas. Tambi\u00e9n podes comunicarte a trav\u00e9s de Whatsapp: 2284 15 69-5796 o por mail con el equipo de la Coordinaci\u00f3n de Turismo a trav\u00e9s de <a href=\"mailto:turismo@olavarria.gov.ar\">turismo@olavarria.gov.ar<\/a><\/p>\n","protected":false},"excerpt":{"rendered":"<p>Se llevar\u00e1&nbsp; a cabo este s\u00e1bado 29 de noviembre desde las 17 horas. Inscripci\u00f3n abierta.&nbsp; Se invita a participar de<\/p>\n","protected":false},"author":6,"featured_media":169197,"comment_status":"closed","ping_status":"closed","sticky":false,"template":"","format":"standard","meta":{"_jetpack_memberships_contains_paid_content":false,"footnotes":""},"categories":[9,1],"tags":[],"class_list":["post-188873","post","type-post","status-publish","format-standard","has-post-thumbnail","hentry","category-cultura","category-portada"],"jetpack_featured_media_url":"https:\/\/i0.wp.com\/cdnoticias.com\/wp-content\/uploads\/2025\/04\/aventura-con-historia-genericas2.jpg?fit=900%2C600&ssl=1","jetpack_sharing_enabled":true,"_links":{"self":[{"href":"https:\/\/cdnoticias.com\/index.php\/wp-json\/wp\/v2\/posts\/188873","targetHints":{"allow":["GET"]}}],"collection":[{"href":"https:\/\/cdnoticias.com\/index.php\/wp-json\/wp\/v2\/posts"}],"about":[{"href":"https:\/\/cdnoticias.com\/index.php\/wp-json\/wp\/v2\/types\/post"}],"author":[{"embeddable":true,"href":"https:\/\/cdnoticias.com\/index.php\/wp-json\/wp\/v2\/users\/6"}],"replies":[{"embeddable":true,"href":"https:\/\/cdnoticias.com\/index.php\/wp-json\/wp\/v2\/comments?post=188873"}],"version-history":[{"count":0,"href":"https:\/\/cdnoticias.com\/index.php\/wp-json\/wp\/v2\/posts\/188873\/revisions"}],"wp:featuredmedia":[{"embeddable":true,"href":"https:\/\/cdnoticias.com\/index.php\/wp-json\/wp\/v2\/media\/169197"}],"wp:attachment":[{"href":"https:\/\/cdnoticias.com\/index.php\/wp-json\/wp\/v2\/media?parent=188873"}],"wp:term":[{"taxonomy":"category","embeddable":true,"href":"https:\/\/cdnoticias.com\/index.php\/wp-json\/wp\/v2\/categories?post=188873"},{"taxonomy":"post_tag","embeddable":true,"href":"https:\/\/cdnoticias.com\/index.php\/wp-json\/wp\/v2\/tags?post=188873"}],"curies":[{"name":"wp","href":"https:\/\/api.w.org\/{rel}","templated":true}]}}