{"id":188861,"date":"2025-11-26T16:00:32","date_gmt":"2025-11-26T19:00:32","guid":{"rendered":"https:\/\/cdnoticias.com\/?p=188861"},"modified":"2025-11-26T18:50:45","modified_gmt":"2025-11-26T21:50:45","slug":"si-no-hay-politica-industrial-me-parece-imposible-recuperar-los-salarios","status":"publish","type":"post","link":"https:\/\/cdnoticias.com\/index.php\/2025\/11\/26\/si-no-hay-politica-industrial-me-parece-imposible-recuperar-los-salarios\/","title":{"rendered":"\u201cSi no hay pol\u00edtica industrial me parece imposible recuperar los salarios\u201d"},"content":{"rendered":"<p>El secretario general de Soeco, Gustavo Bustamante, habl\u00f3 del avance de la negociaci\u00f3n paritaria ceramista: hubo acercamientos, pero a\u00fan no hay acuerdo. Este mi\u00e9rcoles y jueves habr\u00e1 reuniones.<!--more--><\/p>\n<hr \/>\n<p><strong>Gustavo Bustamante, secretario general del Soeco<\/strong> habl\u00f3 en <strong>Levantate por Radio Sapiens (FM 102.7)<\/strong> sobre el avance de la <strong>negociaci\u00f3n paritaria ceramista<\/strong> y <strong>su pase a cuarto intermedio<\/strong>.<\/p>\n<p>La negociaci\u00f3n <a href=\"https:\/\/cdnoticias.com\/index.php\/2025\/09\/24\/los-ceramistas-en-estado-de-alerta-la-paritaria-anterior-la-quieren-cerrar-como-tal-cero-pesos\/\" target=\"_blank\" rel=\"noopener\">se inici\u00f3 en septiembre<\/a> y el mes pasado hubo protestas en algunas plantas, <a href=\"https:\/\/cdnoticias.com\/index.php\/2025\/10\/28\/reclamo-salarial-de-los-ceramistas-este-martes-hubo-manifestacion-en-cerro-negro\/\" target=\"_blank\" rel=\"noopener\">incluyendo Cerro Negro en Olavarr\u00eda<\/a>. El dirigente local record\u00f3 que<strong> la primera propuesta de las c\u00e1maras fue 450 mil pesos por \u00fanica vez y no remunerativo<\/strong> a pagar en tres cuotas de 100 mil pesos en septiembre, octubre y noviembre, y 150 mil pesos en diciembre. Adem\u00e1s un <strong>aumento de 3,5% en enero, 3,5% en febrero remunerativos<\/strong> con una posibilidad de que se pase para noviembre.<\/p>\n<blockquote>\n<p>\u201cLa propuesta de las c\u00e1maras fue rechazada. Hubo otra nueva propuesta donde se mejor\u00f3 y la volvimos a rechazar porque todav\u00eda estamos lejos\u201d, sostuvo Bustamante.<\/p>\n<\/blockquote>\n<p><img data-recalc-dims=\"1\" loading=\"lazy\" decoding=\"async\" class=\"alignnone size-full wp-image-169877 aligncenter\" src=\"https:\/\/i0.wp.com\/cdnoticias.com\/wp-content\/uploads\/2025\/04\/cerro-negro-01.png?resize=800%2C445&#038;ssl=1\" alt=\"\" width=\"800\" height=\"445\" srcset=\"https:\/\/i0.wp.com\/cdnoticias.com\/wp-content\/uploads\/2025\/04\/cerro-negro-01.png?w=800&amp;ssl=1 800w, https:\/\/i0.wp.com\/cdnoticias.com\/wp-content\/uploads\/2025\/04\/cerro-negro-01.png?resize=300%2C167&amp;ssl=1 300w, https:\/\/i0.wp.com\/cdnoticias.com\/wp-content\/uploads\/2025\/04\/cerro-negro-01.png?resize=768%2C427&amp;ssl=1 768w\" sizes=\"auto, (max-width: 800px) 100vw, 800px\" \/><\/p>\n<blockquote>\n<p>En ese sentido, inform\u00f3 que la contrapropuesta fue de 150 mil pesos en septiembre, 150 mil pesos ocupados no remunerativos, 7,7% en noviembre, 7% en diciembre remunerativo y 150 mil pesos por enero, febrero y marzo, y volverse a juntar en abril para terminar de negociar las paritarias.<\/p>\n<\/blockquote>\n<p>El gremialista se\u00f1al\u00f3 en la entrevista radial que<strong> este mi\u00e9rcoles tendr\u00e1n una reuni\u00f3n con todas las filiales del pa\u00eds<\/strong> para conocer la situaci\u00f3n que atraviesan las distintas f\u00e1bricas.<strong> \u201cEl panorama no es bueno para la cer\u00e1mica y ojal\u00e1 ma\u00f1ana no lleguemos a ning\u00fan conflicto<\/strong> y que los empresarios entiendan que esto se tiene que solucionar, que <strong>hay que ponerle plata a los trabajadores en el bolsillo\u201d.<\/strong><\/p>\n<p>Adem\u00e1s, subray\u00f3 que<strong> \u201chay mucho malestar dentro de la f\u00e1brica y eso no es una buena forma de trabajar<\/strong>, no es bueno para nadie, ni para ellos, ni para nosotros, ni para el mismo trabajador\u201d.<\/p>\n<p><img data-recalc-dims=\"1\" loading=\"lazy\" decoding=\"async\" class=\"alignnone size-full wp-image-106922 aligncenter\" src=\"https:\/\/i0.wp.com\/cdnoticias.com\/wp-content\/uploads\/2024\/01\/gustavo-bustamante-SOECO-01.jpg?resize=800%2C445&#038;ssl=1\" alt=\"\" width=\"800\" height=\"445\" srcset=\"https:\/\/i0.wp.com\/cdnoticias.com\/wp-content\/uploads\/2024\/01\/gustavo-bustamante-SOECO-01.jpg?w=800&amp;ssl=1 800w, https:\/\/i0.wp.com\/cdnoticias.com\/wp-content\/uploads\/2024\/01\/gustavo-bustamante-SOECO-01.jpg?resize=300%2C167&amp;ssl=1 300w, https:\/\/i0.wp.com\/cdnoticias.com\/wp-content\/uploads\/2024\/01\/gustavo-bustamante-SOECO-01.jpg?resize=768%2C427&amp;ssl=1 768w\" sizes=\"auto, (max-width: 800px) 100vw, 800px\" \/><\/p>\n<blockquote>\n<p>Bustamante, reconoci\u00f3 que \u201csi no hay pol\u00edtica industrial me parece que va a ser imposible poder recuperar los salarios\u201d y agreg\u00f3: \u201ctodo va a depender de c\u00f3mo est\u00e9 la econom\u00eda. Si se cae el consumo de leche, de carne, de pan, no podemos esperar que se mueva todo lo que es la cer\u00e1mica\u201d.<\/p>\n<\/blockquote>\n<p><strong>Este jueves se volver\u00e1n a reunir con las c\u00e1maras<\/strong> para acercar posiciones y <strong>el viernes est\u00e1 prevista una nueva audiencia con el Ministerio de Trabajo<\/strong>. <em>\u201cOjal\u00e1 ma\u00f1ana podamos resolver la situaci\u00f3n salarial y que el viernes no sea necesario hacer la reuni\u00f3n con el Ministerio\u201d<\/em>, concluy\u00f3 Bustamante.<\/p>\n\n\n<p><\/p>\n","protected":false},"excerpt":{"rendered":"<p>El secretario general de Soeco, Gustavo Bustamante, habl\u00f3 del avance de la negociaci\u00f3n paritaria ceramista: hubo acercamientos, pero a\u00fan no<\/p>\n","protected":false},"author":4,"featured_media":169046,"comment_status":"closed","ping_status":"closed","sticky":false,"template":"","format":"standard","meta":{"_jetpack_memberships_contains_paid_content":false,"footnotes":""},"categories":[4,1],"tags":[],"class_list":["post-188861","post","type-post","status-publish","format-standard","has-post-thumbnail","hentry","category-politica","category-portada"],"jetpack_featured_media_url":"https:\/\/i0.wp.com\/cdnoticias.com\/wp-content\/uploads\/2025\/04\/Gustavo-Bustamante-Soeco.jpg?fit=1024%2C680&ssl=1","jetpack_sharing_enabled":true,"_links":{"self":[{"href":"https:\/\/cdnoticias.com\/index.php\/wp-json\/wp\/v2\/posts\/188861","targetHints":{"allow":["GET"]}}],"collection":[{"href":"https:\/\/cdnoticias.com\/index.php\/wp-json\/wp\/v2\/posts"}],"about":[{"href":"https:\/\/cdnoticias.com\/index.php\/wp-json\/wp\/v2\/types\/post"}],"author":[{"embeddable":true,"href":"https:\/\/cdnoticias.com\/index.php\/wp-json\/wp\/v2\/users\/4"}],"replies":[{"embeddable":true,"href":"https:\/\/cdnoticias.com\/index.php\/wp-json\/wp\/v2\/comments?post=188861"}],"version-history":[{"count":0,"href":"https:\/\/cdnoticias.com\/index.php\/wp-json\/wp\/v2\/posts\/188861\/revisions"}],"wp:featuredmedia":[{"embeddable":true,"href":"https:\/\/cdnoticias.com\/index.php\/wp-json\/wp\/v2\/media\/169046"}],"wp:attachment":[{"href":"https:\/\/cdnoticias.com\/index.php\/wp-json\/wp\/v2\/media?parent=188861"}],"wp:term":[{"taxonomy":"category","embeddable":true,"href":"https:\/\/cdnoticias.com\/index.php\/wp-json\/wp\/v2\/categories?post=188861"},{"taxonomy":"post_tag","embeddable":true,"href":"https:\/\/cdnoticias.com\/index.php\/wp-json\/wp\/v2\/tags?post=188861"}],"curies":[{"name":"wp","href":"https:\/\/api.w.org\/{rel}","templated":true}]}}